{"id":9011,"date":"2021-07-06T13:46:08","date_gmt":"2021-07-06T11:46:08","guid":{"rendered":"https:\/\/projectes.xtec.cat\/integrafp\/?p=9011"},"modified":"2021-07-06T13:55:40","modified_gmt":"2021-07-06T11:55:40","slug":"curs-fp-ocupacional-en-instituts-publics","status":"publish","type":"post","link":"https:\/\/projectes.xtec.cat\/integrafp\/general\/curs-fp-ocupacional-en-instituts-publics\/","title":{"rendered":"Curs FP Ocupacional en Instituts p\u00fablics"},"content":{"rendered":"<div class=\"CjVfdc\"><span class=\" Ztu2ge\">Avui ha finalitzat el curs de formaci\u00f3 sobre la FP Ocupacional en instituts p\u00fablics. L&#8217;Objectiu era informar qu\u00e8 s&#8217;ha de con\u00e8ixer per poder impartir cursos de formaci\u00f3 ocupacional. La formadora ha estat Imma Moreno, responsable de la Unitat de Formaci\u00f3 Professional del Departament d&#8217;Educaci\u00f3.<\/span><\/div>\n<div><\/div>\n<div class=\"CjVfdc\"><span class=\" Ztu2ge\">Durant les dos jornades (5 hores en total) els participant han pogut c<\/span>on\u00e8ixer el sistema de la formaci\u00f3 professional, concretament el sistema de formaci\u00f3 ocupacional, a trav\u00e9s dels certificats de professionalitat que es realitzen en els instituts.<\/div>\n<div><\/div>\n<div><\/div>\n","protected":false},"excerpt":{"rendered":"<p>Avui ha finalitzat el curs de formaci\u00f3 sobre la FP Ocupacional en instituts p\u00fablics. L&#8217;Objectiu era informar qu\u00e8 s&#8217;ha de con\u00e8ixer per poder impartir cursos de formaci\u00f3 ocupacional. La formadora ha estat Imma Moreno, responsable de la Unitat de Formaci\u00f3 Professional del Departament d&#8217;Educaci\u00f3.<\/p>\n<p>Durant les&hellip;  <a href=\"https:\/\/projectes.xtec.cat\/integrafp\/general\/curs-fp-ocupacional-en-instituts-publics\/\" title=\"Read Curs FP Ocupacional en Instituts p\u00fablics\">Llegeix m\u00e9s\u00bb<\/a><\/p>\n","protected":false},"author":4,"featured_media":0,"comment_status":"open","ping_status":"closed","sticky":false,"template":"","format":"standard","meta":{"_bbp_topic_count":0,"_bbp_reply_count":0,"_bbp_total_topic_count":0,"_bbp_total_reply_count":0,"_bbp_voice_count":0,"_bbp_anonymous_reply_count":0,"_bbp_topic_count_hidden":0,"_bbp_reply_count_hidden":0,"_bbp_forum_subforum_count":0,"footnotes":""},"categories":[1,29],"tags":[],"class_list":["post-9011","post","type-post","status-publish","format-standard","hentry","category-general","category-portada"],"post_mailing_queue_ids":[],"_links":{"self":[{"href":"https:\/\/projectes.xtec.cat\/integrafp\/wp-json\/wp\/v2\/posts\/9011","targetHints":{"allow":["GET"]}}],"collection":[{"href":"https:\/\/projectes.xtec.cat\/integrafp\/wp-json\/wp\/v2\/posts"}],"about":[{"href":"https:\/\/projectes.xtec.cat\/integrafp\/wp-json\/wp\/v2\/types\/post"}],"author":[{"embeddable":true,"href":"https:\/\/projectes.xtec.cat\/integrafp\/wp-json\/wp\/v2\/users\/4"}],"replies":[{"embeddable":true,"href":"https:\/\/projectes.xtec.cat\/integrafp\/wp-json\/wp\/v2\/comments?post=9011"}],"version-history":[{"count":2,"href":"https:\/\/projectes.xtec.cat\/integrafp\/wp-json\/wp\/v2\/posts\/9011\/revisions"}],"predecessor-version":[{"id":9013,"href":"https:\/\/projectes.xtec.cat\/integrafp\/wp-json\/wp\/v2\/posts\/9011\/revisions\/9013"}],"wp:attachment":[{"href":"https:\/\/projectes.xtec.cat\/integrafp\/wp-json\/wp\/v2\/media?parent=9011"}],"wp:term":[{"taxonomy":"category","embeddable":true,"href":"https:\/\/projectes.xtec.cat\/integrafp\/wp-json\/wp\/v2\/categories?post=9011"},{"taxonomy":"post_tag","embeddable":true,"href":"https:\/\/projectes.xtec.cat\/integrafp\/wp-json\/wp\/v2\/tags?post=9011"}],"curies":[{"name":"wp","href":"https:\/\/api.w.org\/{rel}","templated":true}]}}