{"id":9025,"date":"2021-09-03T12:39:14","date_gmt":"2021-09-03T10:39:14","guid":{"rendered":"https:\/\/projectes.xtec.cat\/integrafp\/?p=9025"},"modified":"2021-09-03T12:39:14","modified_gmt":"2021-09-03T10:39:14","slug":"jornada-pedagogica-pfi","status":"publish","type":"post","link":"https:\/\/projectes.xtec.cat\/integrafp\/portada\/jornada-pedagogica-pfi\/","title":{"rendered":"Jornada pedag\u00f2gica PFI"},"content":{"rendered":"<p><strong><img decoding=\"async\" src=\"https:\/\/projectes.xtec.cat\/pfi\/wp-content\/uploads\/usu1781\/2021\/07\/Anotacio-2021-07-29-105507.png\" \/><\/strong><\/p>\n<p>El proper dimecres dia 9 de setembre tindr\u00e0 lloc la Jornada Pedag\u00f2gica PFI, que enguany ser\u00e0 en format online, mitjan\u00e7ant la plataforma zoom.<\/p>\n<p><a href=\"https:\/\/sites.google.com\/xtec.cat\/jornada-pedagogica-pfi\/p%C3%A0gina-dinici?authuser=0\">\u00a0 \u00a0 \u00a0\u00a0<strong>Programa<\/strong><\/a><\/p>\n<p><a href=\"https:\/\/aplicacions.gestioeducativa.gencat.cat\/pls\/soloas\/pk_for_mod_ins.p_for_pre_cons_activitats?p_totes=S&amp;p_paginar=N&amp;p_any=&amp;p_codi=9000010867\">\u00a0 \u00a0 \u00a0\u00a0<strong>Inscripci\u00f3<\/strong><\/a><\/p>\n<p>La Jornada \u00e9s espec\u00edfica per al professorat que imparteix formaci\u00f3 en els Programes de Formaci\u00f3 i Inserci\u00f3 (PFI).<\/p>\n<div class=\"gs\">\n<div class=\"\">\n<div>Us esperem a tots i a totes!!<\/div>\n<\/div>\n<\/div>\n<div><\/div>\n<div><\/div>\n<div class=\"gs\">\n<div class=\"\">\n<div><\/div>\n<div class=\"hi\">Molt bon inici de curs!!!!<\/div>\n<\/div>\n<\/div>\n<div><\/div>\n<div><\/div>\n<div><\/div>\n<div>#pfiCAT #impulsFP<\/div>\n","protected":false},"excerpt":{"rendered":"<p>El proper dimecres dia 9 de setembre tindr\u00e0 lloc la Jornada Pedag\u00f2gica PFI, que enguany ser\u00e0 en format online, mitjan\u00e7ant la plataforma zoom.<br \/>\n<a href=\"https:\/\/sites.google.com\/xtec.cat\/jornada-pedagogica-pfi\/p%C3%A0gina-dinici?authuser=0\">\u00a0 \u00a0 \u00a0\u00a0Programa<\/a><br \/>\n<a href=\"https:\/\/aplicacions.gestioeducativa.gencat.cat\/pls\/soloas\/pk_for_mod_ins.p_for_pre_cons_activitats?p_totes=S&amp;p_paginar=N&amp;p_any=&amp;p_codi=9000010867\">\u00a0 \u00a0 \u00a0\u00a0Inscripci\u00f3<\/a><br \/>\nLa Jornada \u00e9s espec\u00edfica per al professorat que imparteix formaci\u00f3 en els Programes de Formaci\u00f3 i Inserci\u00f3&hellip;  <a href=\"https:\/\/projectes.xtec.cat\/integrafp\/portada\/jornada-pedagogica-pfi\/\" title=\"Read Jornada pedag\u00f2gica PFI\">Llegeix m\u00e9s\u00bb<\/a><\/p>\n","protected":false},"author":1,"featured_media":9027,"comment_status":"closed","ping_status":"closed","sticky":false,"template":"","format":"standard","meta":{"_bbp_topic_count":0,"_bbp_reply_count":0,"_bbp_total_topic_count":0,"_bbp_total_reply_count":0,"_bbp_voice_count":0,"_bbp_anonymous_reply_count":0,"_bbp_topic_count_hidden":0,"_bbp_reply_count_hidden":0,"_bbp_forum_subforum_count":0,"footnotes":""},"categories":[29],"tags":[],"class_list":["post-9025","post","type-post","status-publish","format-standard","has-post-thumbnail","hentry","category-portada"],"post_mailing_queue_ids":[],"_links":{"self":[{"href":"https:\/\/projectes.xtec.cat\/integrafp\/wp-json\/wp\/v2\/posts\/9025","targetHints":{"allow":["GET"]}}],"collection":[{"href":"https:\/\/projectes.xtec.cat\/integrafp\/wp-json\/wp\/v2\/posts"}],"about":[{"href":"https:\/\/projectes.xtec.cat\/integrafp\/wp-json\/wp\/v2\/types\/post"}],"author":[{"embeddable":true,"href":"https:\/\/projectes.xtec.cat\/integrafp\/wp-json\/wp\/v2\/users\/1"}],"replies":[{"embeddable":true,"href":"https:\/\/projectes.xtec.cat\/integrafp\/wp-json\/wp\/v2\/comments?post=9025"}],"version-history":[{"count":1,"href":"https:\/\/projectes.xtec.cat\/integrafp\/wp-json\/wp\/v2\/posts\/9025\/revisions"}],"predecessor-version":[{"id":9026,"href":"https:\/\/projectes.xtec.cat\/integrafp\/wp-json\/wp\/v2\/posts\/9025\/revisions\/9026"}],"wp:featuredmedia":[{"embeddable":true,"href":"https:\/\/projectes.xtec.cat\/integrafp\/wp-json\/wp\/v2\/media\/9027"}],"wp:attachment":[{"href":"https:\/\/projectes.xtec.cat\/integrafp\/wp-json\/wp\/v2\/media?parent=9025"}],"wp:term":[{"taxonomy":"category","embeddable":true,"href":"https:\/\/projectes.xtec.cat\/integrafp\/wp-json\/wp\/v2\/categories?post=9025"},{"taxonomy":"post_tag","embeddable":true,"href":"https:\/\/projectes.xtec.cat\/integrafp\/wp-json\/wp\/v2\/tags?post=9025"}],"curies":[{"name":"wp","href":"https:\/\/api.w.org\/{rel}","templated":true}]}}