{"id":9029,"date":"2021-09-14T12:16:00","date_gmt":"2021-09-14T10:16:00","guid":{"rendered":"https:\/\/projectes.xtec.cat\/integrafp\/?p=9029"},"modified":"2021-09-14T12:16:00","modified_gmt":"2021-09-14T10:16:00","slug":"novetats-dinici-de-curs","status":"publish","type":"post","link":"https:\/\/projectes.xtec.cat\/integrafp\/portada\/novetats-dinici-de-curs\/","title":{"rendered":"Novetats d&#8217;inici de curs"},"content":{"rendered":"<p>Aprofitem la volta a l&#8217;activitat lectiva per desitjar a tots els Centres Educatius i alumnes un bon inici de curs escolar!<\/p>\n<p>Aquest curs 2021-2022, a banda d&#8217;incorporar nous Centres Educatius que impartiran nous Certificats de Professionalitat, s&#8217;han creat dues Xarxes per acompanyar, donar suport i millorar la gesti\u00f3 dels cursos de Certificats de Professionalitat en Centres p\u00fablics del Departament d&#8217;educaci\u00f3.<\/p>\n<ul>\n<li>XARXA 1: Centres educatius que ja tenen experi\u00e8ncia en l&#8217;impartici\u00f3 de Certificats de Professionalitat<\/li>\n<li>XARXA 2: Centres educatius que imparteixen per primera vegada Certificats de Professionalitat.<\/li>\n<\/ul>\n<p>L&#8217;Objectiu del treball en xarxa \u00e9s millorar el seguiment dels cursos de Certificats de Professionalitat aprofitant l&#8217;experi\u00e8ncia d&#8217;anteriors planificacions i donar m\u00e9s protagonisme als Centres Educatius.\u00a0Durant les reunions de la xarxa els participants trobaran un espai de comunicaci\u00f3 a on es podr\u00e0 intercanviar idees, experi\u00e8ncies d\u2019\u00e8xit i resoldre dubtes dels centres novells que participen per primera vegada. Els Centres que ja han participat en planificacions anteriors podran consolidar les seves gestions i realitzar altres tasques dirigides a la promoci\u00f3 i visibilitzaci\u00f3 dels certificats de professionalitat.<\/p>\n<p>Des de la Unitat IntegraFP, de Formaci\u00f3\u00a0 Professional Ocupacional , us convidem a la participaci\u00f3 de tots els Centres Educatius que participin en IntegraFP per cooperar i sumar sinergies!!!!<\/p>\n","protected":false},"excerpt":{"rendered":"<p>Aprofitem la volta a l&#8217;activitat lectiva per desitjar a tots els Centres Educatius i alumnes un bon inici de curs escolar!<br \/>\nAquest curs 2021-2022, a banda d&#8217;incorporar nous Centres Educatius que impartiran nous Certificats de Professionalitat, s&#8217;han creat dues Xarxes per acompanyar, donar suport i millorar&hellip;  <a href=\"https:\/\/projectes.xtec.cat\/integrafp\/portada\/novetats-dinici-de-curs\/\" title=\"Read Novetats d&#8217;inici de curs\">Llegeix m\u00e9s\u00bb<\/a><\/p>\n","protected":false},"author":1,"featured_media":0,"comment_status":"open","ping_status":"closed","sticky":false,"template":"","format":"standard","meta":{"_bbp_topic_count":0,"_bbp_reply_count":0,"_bbp_total_topic_count":0,"_bbp_total_reply_count":0,"_bbp_voice_count":0,"_bbp_anonymous_reply_count":0,"_bbp_topic_count_hidden":0,"_bbp_reply_count_hidden":0,"_bbp_forum_subforum_count":0,"footnotes":""},"categories":[29],"tags":[],"class_list":["post-9029","post","type-post","status-publish","format-standard","hentry","category-portada"],"post_mailing_queue_ids":[],"_links":{"self":[{"href":"https:\/\/projectes.xtec.cat\/integrafp\/wp-json\/wp\/v2\/posts\/9029","targetHints":{"allow":["GET"]}}],"collection":[{"href":"https:\/\/projectes.xtec.cat\/integrafp\/wp-json\/wp\/v2\/posts"}],"about":[{"href":"https:\/\/projectes.xtec.cat\/integrafp\/wp-json\/wp\/v2\/types\/post"}],"author":[{"embeddable":true,"href":"https:\/\/projectes.xtec.cat\/integrafp\/wp-json\/wp\/v2\/users\/1"}],"replies":[{"embeddable":true,"href":"https:\/\/projectes.xtec.cat\/integrafp\/wp-json\/wp\/v2\/comments?post=9029"}],"version-history":[{"count":2,"href":"https:\/\/projectes.xtec.cat\/integrafp\/wp-json\/wp\/v2\/posts\/9029\/revisions"}],"predecessor-version":[{"id":9031,"href":"https:\/\/projectes.xtec.cat\/integrafp\/wp-json\/wp\/v2\/posts\/9029\/revisions\/9031"}],"wp:attachment":[{"href":"https:\/\/projectes.xtec.cat\/integrafp\/wp-json\/wp\/v2\/media?parent=9029"}],"wp:term":[{"taxonomy":"category","embeddable":true,"href":"https:\/\/projectes.xtec.cat\/integrafp\/wp-json\/wp\/v2\/categories?post=9029"},{"taxonomy":"post_tag","embeddable":true,"href":"https:\/\/projectes.xtec.cat\/integrafp\/wp-json\/wp\/v2\/tags?post=9029"}],"curies":[{"name":"wp","href":"https:\/\/api.w.org\/{rel}","templated":true}]}}