{"id":9067,"date":"2021-10-19T14:07:44","date_gmt":"2021-10-19T12:07:44","guid":{"rendered":"https:\/\/projectes.xtec.cat\/integrafp\/?p=9067"},"modified":"2021-10-19T14:12:56","modified_gmt":"2021-10-19T12:12:56","slug":"primera-sessio-de-xarxa-1-integrafp","status":"publish","type":"post","link":"https:\/\/projectes.xtec.cat\/integrafp\/general\/primera-sessio-de-xarxa-1-integrafp\/","title":{"rendered":"Primera sessi\u00f3 de Xarxa 1 IntegraFP!"},"content":{"rendered":"<p>Avui al mati de 9:30h a 12:30h ha tingut lloc la primera sessi\u00f3 de la Xarxa 1 IntegraFP. Els centres que han participat ja tenen experi\u00e8ncia en l&#8217;oferta de Certificats de Professionalitat en centres educatius p\u00fablics.<\/p>\n<p>La primera part de la sessi\u00f3 s&#8217;ha dedicat a la formaci\u00f3 de la gesti\u00f3 de les diferents fases del projecte\u00a0 i en la segona part els centres han sigut protagonistes i han participat compartint experi\u00e8ncies, bones pr\u00e0ctiques i han sorgit algunes propostes amb la finalitat de millorar la gesti\u00f3 dels cursos i facilitar la tasca als centres participants.<\/p>\n<p>Treballarem tots plegats per aconseguir una f\u00e0cil implantaci\u00f3 de la formaci\u00f3 professional ocupacional en els centres educatius.<\/p>\n<p>Salutacions<\/p>\n<p>Equip IntegraFP<\/p>\n<p>&nbsp;<\/p>\n","protected":false},"excerpt":{"rendered":"<p>Avui al mati de 9:30h a 12:30h ha tingut lloc la primera sessi\u00f3 de la Xarxa 1 IntegraFP. Els centres que han participat ja tenen experi\u00e8ncia en l&#8217;oferta de Certificats de Professionalitat en centres educatius p\u00fablics.<br \/>\nLa primera part de la sessi\u00f3 s&#8217;ha dedicat a la&hellip;  <a href=\"https:\/\/projectes.xtec.cat\/integrafp\/general\/primera-sessio-de-xarxa-1-integrafp\/\" title=\"Read Primera sessi\u00f3 de Xarxa 1 IntegraFP!\">Llegeix m\u00e9s\u00bb<\/a><\/p>\n","protected":false},"author":4,"featured_media":9068,"comment_status":"open","ping_status":"closed","sticky":false,"template":"","format":"standard","meta":{"_bbp_topic_count":0,"_bbp_reply_count":0,"_bbp_total_topic_count":0,"_bbp_total_reply_count":0,"_bbp_voice_count":0,"_bbp_anonymous_reply_count":0,"_bbp_topic_count_hidden":0,"_bbp_reply_count_hidden":0,"_bbp_forum_subforum_count":0,"footnotes":""},"categories":[1,29],"tags":[],"class_list":["post-9067","post","type-post","status-publish","format-standard","has-post-thumbnail","hentry","category-general","category-portada"],"post_mailing_queue_ids":[],"_links":{"self":[{"href":"https:\/\/projectes.xtec.cat\/integrafp\/wp-json\/wp\/v2\/posts\/9067","targetHints":{"allow":["GET"]}}],"collection":[{"href":"https:\/\/projectes.xtec.cat\/integrafp\/wp-json\/wp\/v2\/posts"}],"about":[{"href":"https:\/\/projectes.xtec.cat\/integrafp\/wp-json\/wp\/v2\/types\/post"}],"author":[{"embeddable":true,"href":"https:\/\/projectes.xtec.cat\/integrafp\/wp-json\/wp\/v2\/users\/4"}],"replies":[{"embeddable":true,"href":"https:\/\/projectes.xtec.cat\/integrafp\/wp-json\/wp\/v2\/comments?post=9067"}],"version-history":[{"count":2,"href":"https:\/\/projectes.xtec.cat\/integrafp\/wp-json\/wp\/v2\/posts\/9067\/revisions"}],"predecessor-version":[{"id":9070,"href":"https:\/\/projectes.xtec.cat\/integrafp\/wp-json\/wp\/v2\/posts\/9067\/revisions\/9070"}],"wp:featuredmedia":[{"embeddable":true,"href":"https:\/\/projectes.xtec.cat\/integrafp\/wp-json\/wp\/v2\/media\/9068"}],"wp:attachment":[{"href":"https:\/\/projectes.xtec.cat\/integrafp\/wp-json\/wp\/v2\/media?parent=9067"}],"wp:term":[{"taxonomy":"category","embeddable":true,"href":"https:\/\/projectes.xtec.cat\/integrafp\/wp-json\/wp\/v2\/categories?post=9067"},{"taxonomy":"post_tag","embeddable":true,"href":"https:\/\/projectes.xtec.cat\/integrafp\/wp-json\/wp\/v2\/tags?post=9067"}],"curies":[{"name":"wp","href":"https:\/\/api.w.org\/{rel}","templated":true}]}}