{"id":9071,"date":"2021-10-20T10:04:54","date_gmt":"2021-10-20T08:04:54","guid":{"rendered":"https:\/\/projectes.xtec.cat\/integrafp\/?p=9071"},"modified":"2022-04-27T10:08:38","modified_gmt":"2022-04-27T08:08:38","slug":"cp-de-sistemes-de-comunicacio-de-veu-i-dades-al-nicolau-copernic","status":"publish","type":"post","link":"https:\/\/projectes.xtec.cat\/integrafp\/portada\/cp-de-sistemes-de-comunicacio-de-veu-i-dades-al-nicolau-copernic\/","title":{"rendered":"INS Nicolau Cop\u00e8rnic: CP de sistemes de comunicaci\u00f3 de veu i dades"},"content":{"rendered":"<p>Avui, al Nicolau Cop\u00e8rnic, hem rebut l&#8217;autoritzaci\u00f3 per iniciar el nostre certificat de professionalitat. El dia 2 de novembre, si aconseguim els alumnes necessaris, comen\u00e7arem.<\/p>\n<p>El nostre CP \u00e9s de nivell 2 de la fam\u00edlia d&#8217;inform\u00e0tica i comunicacions, \u00e9s molt interessant amb un nom molt poc cridaner, &#8220;Operacions en sistemes de comunicaci\u00f3 de veu i dades&#8221;. Aprendran a gestionar xarxes d&#8217;ordinadors i sistemes interns i externs de telefonia a trav\u00e8s d&#8217;Internet.<\/p>\n<p>Ja us anirem contant&#8230;<\/p>\n","protected":false},"excerpt":{"rendered":"<p>Avui, al Nicolau Cop\u00e8rnic, hem rebut l&#8217;autoritzaci\u00f3 per iniciar el nostre certificat de professionalitat. El dia 2 de novembre, si aconseguim els alumnes necessaris, comen\u00e7arem.<br \/>\nEl nostre CP \u00e9s de nivell 2 de la fam\u00edlia d&#8217;inform\u00e0tica i comunicacions, \u00e9s molt interessant amb un nom molt poc&hellip;  <a href=\"https:\/\/projectes.xtec.cat\/integrafp\/portada\/cp-de-sistemes-de-comunicacio-de-veu-i-dades-al-nicolau-copernic\/\" title=\"Read INS Nicolau Cop\u00e8rnic: CP de sistemes de comunicaci\u00f3 de veu i dades\">Llegeix m\u00e9s\u00bb<\/a><\/p>\n","protected":false},"author":27,"featured_media":0,"comment_status":"open","ping_status":"closed","sticky":false,"template":"","format":"standard","meta":{"_bbp_topic_count":0,"_bbp_reply_count":0,"_bbp_total_topic_count":0,"_bbp_total_reply_count":0,"_bbp_voice_count":0,"_bbp_anonymous_reply_count":0,"_bbp_topic_count_hidden":0,"_bbp_reply_count_hidden":0,"_bbp_forum_subforum_count":0,"footnotes":""},"categories":[154,29],"tags":[313,296],"class_list":["post-9071","post","type-post","status-publish","format-standard","hentry","category-formacio","category-portada","tag-informatica-i-comunicacions","tag-barcelona"],"post_mailing_queue_ids":[],"_links":{"self":[{"href":"https:\/\/projectes.xtec.cat\/integrafp\/wp-json\/wp\/v2\/posts\/9071","targetHints":{"allow":["GET"]}}],"collection":[{"href":"https:\/\/projectes.xtec.cat\/integrafp\/wp-json\/wp\/v2\/posts"}],"about":[{"href":"https:\/\/projectes.xtec.cat\/integrafp\/wp-json\/wp\/v2\/types\/post"}],"author":[{"embeddable":true,"href":"https:\/\/projectes.xtec.cat\/integrafp\/wp-json\/wp\/v2\/users\/27"}],"replies":[{"embeddable":true,"href":"https:\/\/projectes.xtec.cat\/integrafp\/wp-json\/wp\/v2\/comments?post=9071"}],"version-history":[{"count":2,"href":"https:\/\/projectes.xtec.cat\/integrafp\/wp-json\/wp\/v2\/posts\/9071\/revisions"}],"predecessor-version":[{"id":9703,"href":"https:\/\/projectes.xtec.cat\/integrafp\/wp-json\/wp\/v2\/posts\/9071\/revisions\/9703"}],"wp:attachment":[{"href":"https:\/\/projectes.xtec.cat\/integrafp\/wp-json\/wp\/v2\/media?parent=9071"}],"wp:term":[{"taxonomy":"category","embeddable":true,"href":"https:\/\/projectes.xtec.cat\/integrafp\/wp-json\/wp\/v2\/categories?post=9071"},{"taxonomy":"post_tag","embeddable":true,"href":"https:\/\/projectes.xtec.cat\/integrafp\/wp-json\/wp\/v2\/tags?post=9071"}],"curies":[{"name":"wp","href":"https:\/\/api.w.org\/{rel}","templated":true}]}}