{"id":9083,"date":"2021-11-09T12:49:27","date_gmt":"2021-11-09T11:49:27","guid":{"rendered":"https:\/\/projectes.xtec.cat\/integrafp\/?p=9083"},"modified":"2022-04-27T10:12:23","modified_gmt":"2022-04-27T08:12:23","slug":"certificat-de-professionalitat-dauxiliar-en-vivers-jardins-i-centres-de-jardineria-a-la-bisbal-demporda","status":"publish","type":"post","link":"https:\/\/projectes.xtec.cat\/integrafp\/general\/certificat-de-professionalitat-dauxiliar-en-vivers-jardins-i-centres-de-jardineria-a-la-bisbal-demporda\/","title":{"rendered":"INS La Bisbal: Certificat de Professionalitat d&#8217;Auxiliar en vivers, jardins i centres de jardineria"},"content":{"rendered":"<p><strong>Nou curs ! <\/strong><\/p>\n<p><strong>Activitats auxiliars en vivers, jardins i centres de jardineria (Nivell 1)<\/strong><\/p>\n<p>A l&#8217;institut la Bisbal tenim previst per a gener de 2022 l&#8217;inici del Certificat de Professionalitat d&#8217;Auxiliar en vivers, jardins i centres de jardineria. A dia d&#8217;avui ja tenim 11 inscrits i tenim moltes ganes de poder iniciar aquesta nova aventura en la formaci\u00f3 professional.<\/p>\n<p>Per m\u00e9s informaci\u00f3 poseu-vos en contacte amb el centre o a trav\u00e9s del cercador de cursos del SOC.<\/p>\n<p><a href=\"https:\/\/projectes.xtec.cat\/integrafp\/wp-content\/uploads\/usu2419\/2021\/11\/INS-BISBAL-CP-AuxiliarViversJardins.pdf\">INS BISBAL CP AuxiliarViversJardins<\/a><\/p>\n","protected":false},"excerpt":{"rendered":"<p>Nou curs !<br \/>\nActivitats auxiliars en vivers, jardins i centres de jardineria (Nivell 1)<br \/>\nA l&#8217;institut la Bisbal tenim previst per a gener de 2022 l&#8217;inici del Certificat de Professionalitat d&#8217;Auxiliar en vivers, jardins i centres de jardineria. A dia d&#8217;avui ja tenim 11 inscrits i&hellip;  <a href=\"https:\/\/projectes.xtec.cat\/integrafp\/general\/certificat-de-professionalitat-dauxiliar-en-vivers-jardins-i-centres-de-jardineria-a-la-bisbal-demporda\/\" title=\"Read INS La Bisbal: Certificat de Professionalitat d&#8217;Auxiliar en vivers, jardins i centres de jardineria\">Llegeix m\u00e9s\u00bb<\/a><\/p>\n","protected":false},"author":29,"featured_media":0,"comment_status":"open","ping_status":"closed","sticky":false,"template":"","format":"standard","meta":{"_bbp_topic_count":0,"_bbp_reply_count":0,"_bbp_total_topic_count":0,"_bbp_total_reply_count":0,"_bbp_voice_count":0,"_bbp_anonymous_reply_count":0,"_bbp_topic_count_hidden":0,"_bbp_reply_count_hidden":0,"_bbp_forum_subforum_count":0,"footnotes":""},"categories":[154,1,29],"tags":[302,297],"class_list":["post-9083","post","type-post","status-publish","format-standard","hentry","category-formacio","category-general","category-portada","tag-agraria","tag-girona"],"post_mailing_queue_ids":[],"_links":{"self":[{"href":"https:\/\/projectes.xtec.cat\/integrafp\/wp-json\/wp\/v2\/posts\/9083","targetHints":{"allow":["GET"]}}],"collection":[{"href":"https:\/\/projectes.xtec.cat\/integrafp\/wp-json\/wp\/v2\/posts"}],"about":[{"href":"https:\/\/projectes.xtec.cat\/integrafp\/wp-json\/wp\/v2\/types\/post"}],"author":[{"embeddable":true,"href":"https:\/\/projectes.xtec.cat\/integrafp\/wp-json\/wp\/v2\/users\/29"}],"replies":[{"embeddable":true,"href":"https:\/\/projectes.xtec.cat\/integrafp\/wp-json\/wp\/v2\/comments?post=9083"}],"version-history":[{"count":4,"href":"https:\/\/projectes.xtec.cat\/integrafp\/wp-json\/wp\/v2\/posts\/9083\/revisions"}],"predecessor-version":[{"id":9702,"href":"https:\/\/projectes.xtec.cat\/integrafp\/wp-json\/wp\/v2\/posts\/9083\/revisions\/9702"}],"wp:attachment":[{"href":"https:\/\/projectes.xtec.cat\/integrafp\/wp-json\/wp\/v2\/media?parent=9083"}],"wp:term":[{"taxonomy":"category","embeddable":true,"href":"https:\/\/projectes.xtec.cat\/integrafp\/wp-json\/wp\/v2\/categories?post=9083"},{"taxonomy":"post_tag","embeddable":true,"href":"https:\/\/projectes.xtec.cat\/integrafp\/wp-json\/wp\/v2\/tags?post=9083"}],"curies":[{"name":"wp","href":"https:\/\/api.w.org\/{rel}","templated":true}]}}