{"id":9095,"date":"2021-11-11T16:19:24","date_gmt":"2021-11-11T15:19:24","guid":{"rendered":"https:\/\/projectes.xtec.cat\/integrafp\/?p=9095"},"modified":"2021-11-11T16:31:57","modified_gmt":"2021-11-11T15:31:57","slug":"jornada-de-qualitat-taula-35-integra-fp-pla-pilot-de-formacio-ocupacional-en-centres-dfp","status":"publish","type":"post","link":"https:\/\/projectes.xtec.cat\/integrafp\/general\/jornada-de-qualitat-taula-35-integra-fp-pla-pilot-de-formacio-ocupacional-en-centres-dfp\/","title":{"rendered":"\u00a0Jornada de Qualitat,\u00a0taula 35 INTEGRA FP: Pla pilot de formaci\u00f3 ocupacional en centres d&#8217;FP"},"content":{"rendered":"<p>Aquest mat\u00ed, en la XIX Jornada de Qualitat a l\u2019Ensenyament, hem pogut gaudir dins de la Taula 35 INTEGRA FP: Pla pilot de formaci\u00f3 ocupacional en centres d&#8217;FP,\u00a0 de tres experi\u00e8ncies de Centres educatius que han participat en la impartici\u00f3 de cursos de Certificats de Professionalitat.<\/p>\n<p>Olga Sanglas, del INS Cendrassos de Figueres, amb tres anys d\u2019experi\u00e8ncia en l\u2019 oferta de cursos de Certificat de Professionalitat ens ha donat una bona pr\u00e0ctica en el tema de preinscripci\u00f3 i selecci\u00f3 de l\u2019alumnat.<\/p>\n<p>Xavier Armengol, de l \u2018Institut de Vic, ens ha comentat els resultats positius d\u2019incorporaci\u00f3 al m\u00f3n laboral de l\u2019alumnat que han tingut en els Certificats de Professionalitat que han impartit, des del 50% a un 85% segons l\u2019especialitat.<\/p>\n<p>Gemma Llaurado, de l\u2019escola d\u2019Hosteleria d\u2019Osona de Figueres, ens ha compartit que un dels principals motius d&#8217;incloure els cursos de Certificats de Professionalitat en el seu centre, ha fet possible completar l\u2019oferta integrada de formaci\u00f3 juntament amb els cicles de GM i GS que imparteixen i ampliar el seu perfil d\u2019alumnat.<\/p>\n<p>Per resumir els temes principals i les diferents participacions d\u2019experi\u00e8ncies posem en com\u00fa els aspectes que els tres centres participants han considerat de m\u00e0xima import\u00e0ncia per una excel\u00b7lent gesti\u00f3 dels cursos de Certificat de Professionalitat:<\/p>\n<p>1-Participaci\u00f3 i implicaci\u00f3 de la direcci\u00f3 i professorat: que els participants estiguin motivats per realitzar totes les gestions dels cursos.<\/p>\n<p>2-Selecci\u00f3 de l\u2019alumnat: entrevistes per seleccionar un perfil i garantir que els alumnes tinguin un comprom\u00eds per finalitzar la formaci\u00f3.<\/p>\n<p>3-Verificar els requisits dels espais per impartir la formaci\u00f3 en els centres educatius.<\/p>\n<p>Des de la Unitat de Integra FP agra\u00efm als participants les seves aportacions i segur aquestes propostes de bones pr\u00e0ctiques serveixen per altres centres que aprofitaran les seves experi\u00e8ncies i consells per millorar la gesti\u00f3 dels cursos.<\/p>\n","protected":false},"excerpt":{"rendered":"<p>Aquest mat\u00ed, en la XIX Jornada de Qualitat a l\u2019Ensenyament, hem pogut gaudir dins de la Taula 35 INTEGRA FP: Pla pilot de formaci\u00f3 ocupacional en centres d&#8217;FP,\u00a0 de tres experi\u00e8ncies de Centres educatius que han participat en la impartici\u00f3 de cursos de Certificats de&hellip;  <a href=\"https:\/\/projectes.xtec.cat\/integrafp\/general\/jornada-de-qualitat-taula-35-integra-fp-pla-pilot-de-formacio-ocupacional-en-centres-dfp\/\" title=\"Read \u00a0Jornada de Qualitat,\u00a0taula 35 INTEGRA FP: Pla pilot de formaci\u00f3 ocupacional en centres d&#8217;FP\">Llegeix m\u00e9s\u00bb<\/a><\/p>\n","protected":false},"author":4,"featured_media":9096,"comment_status":"open","ping_status":"closed","sticky":false,"template":"","format":"standard","meta":{"_bbp_topic_count":0,"_bbp_reply_count":0,"_bbp_total_topic_count":0,"_bbp_total_reply_count":0,"_bbp_voice_count":0,"_bbp_anonymous_reply_count":0,"_bbp_topic_count_hidden":0,"_bbp_reply_count_hidden":0,"_bbp_forum_subforum_count":0,"footnotes":""},"categories":[1,29],"tags":[],"class_list":["post-9095","post","type-post","status-publish","format-standard","has-post-thumbnail","hentry","category-general","category-portada"],"post_mailing_queue_ids":[],"_links":{"self":[{"href":"https:\/\/projectes.xtec.cat\/integrafp\/wp-json\/wp\/v2\/posts\/9095","targetHints":{"allow":["GET"]}}],"collection":[{"href":"https:\/\/projectes.xtec.cat\/integrafp\/wp-json\/wp\/v2\/posts"}],"about":[{"href":"https:\/\/projectes.xtec.cat\/integrafp\/wp-json\/wp\/v2\/types\/post"}],"author":[{"embeddable":true,"href":"https:\/\/projectes.xtec.cat\/integrafp\/wp-json\/wp\/v2\/users\/4"}],"replies":[{"embeddable":true,"href":"https:\/\/projectes.xtec.cat\/integrafp\/wp-json\/wp\/v2\/comments?post=9095"}],"version-history":[{"count":1,"href":"https:\/\/projectes.xtec.cat\/integrafp\/wp-json\/wp\/v2\/posts\/9095\/revisions"}],"predecessor-version":[{"id":9097,"href":"https:\/\/projectes.xtec.cat\/integrafp\/wp-json\/wp\/v2\/posts\/9095\/revisions\/9097"}],"wp:featuredmedia":[{"embeddable":true,"href":"https:\/\/projectes.xtec.cat\/integrafp\/wp-json\/wp\/v2\/media\/9096"}],"wp:attachment":[{"href":"https:\/\/projectes.xtec.cat\/integrafp\/wp-json\/wp\/v2\/media?parent=9095"}],"wp:term":[{"taxonomy":"category","embeddable":true,"href":"https:\/\/projectes.xtec.cat\/integrafp\/wp-json\/wp\/v2\/categories?post=9095"},{"taxonomy":"post_tag","embeddable":true,"href":"https:\/\/projectes.xtec.cat\/integrafp\/wp-json\/wp\/v2\/tags?post=9095"}],"curies":[{"name":"wp","href":"https:\/\/api.w.org\/{rel}","templated":true}]}}