{"id":9099,"date":"2021-12-01T12:57:26","date_gmt":"2021-12-01T11:57:26","guid":{"rendered":"https:\/\/projectes.xtec.cat\/integrafp\/?p=9099"},"modified":"2021-12-01T12:57:56","modified_gmt":"2021-12-01T11:57:56","slug":"sessio-formativa-programari-gia","status":"publish","type":"post","link":"https:\/\/projectes.xtec.cat\/integrafp\/general\/sessio-formativa-programari-gia\/","title":{"rendered":"Sessi\u00f3 formativa programari GIA"},"content":{"rendered":"<p>Des del Servei d\u2019Ocupaci\u00f3 de Catalunya, s\u2019ha realitzat avui de 9:30 a 11:30 una formaci\u00f3 de la gesti\u00f3 del programari GIA (Gesti\u00f3 Integrada de les Accions) dels cursos de Certificats de Professionalitat.<\/p>\n<p>Aquesta formaci\u00f3 ha sigut realitzada per Carlos Garcia Cubero, Cap de secci\u00f3 de Programes de formaci\u00f3 del SOC, i han participat un total de 57 assistents entre Centres Educatius i Universitats. Aquesta sessi\u00f3 formativa ha tingut com principal objectiu explicar el funcionament de la plataforma GIA i fer m\u00e9s f\u00e0cil el seu us a tots els usuaris a m\u00e9s a m\u00e9s els Centres Educatius han aprofitat aquesta sessi\u00f3 per resoldre dubtes sobre l\u2019aplicaci\u00f3 de gesti\u00f3.<\/p>\n","protected":false},"excerpt":{"rendered":"<p>Des del Servei d\u2019Ocupaci\u00f3 de Catalunya, s\u2019ha realitzat avui de 9:30 a 11:30 una formaci\u00f3 de la gesti\u00f3 del programari GIA (Gesti\u00f3 Integrada de les Accions) dels cursos de Certificats de Professionalitat.<br \/>\nAquesta formaci\u00f3 ha sigut realitzada per Carlos Garcia Cubero, Cap de secci\u00f3 de Programes&hellip;  <a href=\"https:\/\/projectes.xtec.cat\/integrafp\/general\/sessio-formativa-programari-gia\/\" title=\"Read Sessi\u00f3 formativa programari GIA\">Llegeix m\u00e9s\u00bb<\/a><\/p>\n","protected":false},"author":4,"featured_media":9100,"comment_status":"open","ping_status":"closed","sticky":false,"template":"","format":"standard","meta":{"_bbp_topic_count":0,"_bbp_reply_count":0,"_bbp_total_topic_count":0,"_bbp_total_reply_count":0,"_bbp_voice_count":0,"_bbp_anonymous_reply_count":0,"_bbp_topic_count_hidden":0,"_bbp_reply_count_hidden":0,"_bbp_forum_subforum_count":0,"footnotes":""},"categories":[1,29],"tags":[],"class_list":["post-9099","post","type-post","status-publish","format-standard","has-post-thumbnail","hentry","category-general","category-portada"],"post_mailing_queue_ids":[],"_links":{"self":[{"href":"https:\/\/projectes.xtec.cat\/integrafp\/wp-json\/wp\/v2\/posts\/9099","targetHints":{"allow":["GET"]}}],"collection":[{"href":"https:\/\/projectes.xtec.cat\/integrafp\/wp-json\/wp\/v2\/posts"}],"about":[{"href":"https:\/\/projectes.xtec.cat\/integrafp\/wp-json\/wp\/v2\/types\/post"}],"author":[{"embeddable":true,"href":"https:\/\/projectes.xtec.cat\/integrafp\/wp-json\/wp\/v2\/users\/4"}],"replies":[{"embeddable":true,"href":"https:\/\/projectes.xtec.cat\/integrafp\/wp-json\/wp\/v2\/comments?post=9099"}],"version-history":[{"count":1,"href":"https:\/\/projectes.xtec.cat\/integrafp\/wp-json\/wp\/v2\/posts\/9099\/revisions"}],"predecessor-version":[{"id":9101,"href":"https:\/\/projectes.xtec.cat\/integrafp\/wp-json\/wp\/v2\/posts\/9099\/revisions\/9101"}],"wp:featuredmedia":[{"embeddable":true,"href":"https:\/\/projectes.xtec.cat\/integrafp\/wp-json\/wp\/v2\/media\/9100"}],"wp:attachment":[{"href":"https:\/\/projectes.xtec.cat\/integrafp\/wp-json\/wp\/v2\/media?parent=9099"}],"wp:term":[{"taxonomy":"category","embeddable":true,"href":"https:\/\/projectes.xtec.cat\/integrafp\/wp-json\/wp\/v2\/categories?post=9099"},{"taxonomy":"post_tag","embeddable":true,"href":"https:\/\/projectes.xtec.cat\/integrafp\/wp-json\/wp\/v2\/tags?post=9099"}],"curies":[{"name":"wp","href":"https:\/\/api.w.org\/{rel}","templated":true}]}}