{"id":9151,"date":"2021-12-20T09:22:56","date_gmt":"2021-12-20T08:22:56","guid":{"rendered":"https:\/\/projectes.xtec.cat\/integrafp\/?p=9151"},"modified":"2022-04-27T10:21:30","modified_gmt":"2022-04-27T08:21:30","slug":"inici-del-certificat-de-professionalitat-a-linstitut-mollerussa-datencio-sociosanitaria-a-les-persones-en-el-domicili","status":"publish","type":"post","link":"https:\/\/projectes.xtec.cat\/integrafp\/general\/inici-del-certificat-de-professionalitat-a-linstitut-mollerussa-datencio-sociosanitaria-a-les-persones-en-el-domicili\/","title":{"rendered":"INS Mollerussa: Inici del Certificat de Professionalitat d&#8217;atenci\u00f3 sociosanit\u00e0ria a les persones en el domicili"},"content":{"rendered":"<p>Al llarg de la hist\u00f2ria, l\u2019atenci\u00f3 a les persones en situaci\u00f3 de depend\u00e8ncia ha sofert diferents evolucions, passant de models m\u00e9s assistencials a models m\u00e9s educatius o models d\u2019atenci\u00f3 m\u00e9s centrats en les persones.<\/p>\n<p>Les estad\u00edstiques ens informen d\u2019un important creixement de la poblaci\u00f3 de m\u00e9s de seixanta-cinc anys, que en aquests \u00faltims anys s\u2019ha duplicat enormement, aix\u00ed com d\u2019un augment considerable de les persones amb depend\u00e8ncia derivades de malalties o discapacitats.<\/p>\n<p>La majoria d\u2019aquestes persones volen seguir vivint en el seus domicilis, amb aquest certificat, oferim la possibilitat de tenir una professi\u00f3 de futur en els sectors productius: domicilis particulars, pisos tutelats i serveis d\u2019atenci\u00f3 domicili\u00e0ria.<\/p>\n<p>Codi: SSCS0108 &#8211; Nivell de qualificaci\u00f3 2<\/p>\n<p>Titulaci\u00f3: <strong>Atenci\u00f3 sociosanit\u00e0ria a les persones en el domicili.<\/strong><\/p>\n<p>Fam\u00edlia professional: Serveis socioculturals i a la comunitat.<\/p>\n<p>Pr\u00e0ctiques en empresa 120 hores.<\/p>\n<p><a href=\"https:\/\/projectes.xtec.cat\/integrafp\/wp-content\/uploads\/usu2419\/2021\/12\/Cartell-datencio-sociosanitaria-a-persones-en-el-domicili-Institut-Mollerussa.jpg\"><img loading=\"lazy\" decoding=\"async\" class=\"alignnone size-full wp-image-9165\" src=\"https:\/\/projectes.xtec.cat\/integrafp\/wp-content\/uploads\/usu2419\/2021\/12\/Cartell-datencio-sociosanitaria-a-persones-en-el-domicili-Institut-Mollerussa.jpg\" alt=\"\" width=\"567\" height=\"803\" srcset=\"https:\/\/projectes.xtec.cat\/integrafp\/wp-content\/uploads\/usu2419\/2021\/12\/Cartell-datencio-sociosanitaria-a-persones-en-el-domicili-Institut-Mollerussa.jpg 567w, https:\/\/projectes.xtec.cat\/integrafp\/wp-content\/uploads\/usu2419\/2021\/12\/Cartell-datencio-sociosanitaria-a-persones-en-el-domicili-Institut-Mollerussa-212x300.jpg 212w\" sizes=\"auto, (max-width: 567px) 100vw, 567px\" \/><\/a><\/p>\n","protected":false},"excerpt":{"rendered":"<p>Al llarg de la hist\u00f2ria, l\u2019atenci\u00f3 a les persones en situaci\u00f3 de depend\u00e8ncia ha sofert diferents evolucions, passant de models m\u00e9s assistencials a models m\u00e9s educatius o models d\u2019atenci\u00f3 m\u00e9s centrats en les persones.<br \/>\nLes estad\u00edstiques ens informen d\u2019un important creixement de la poblaci\u00f3 de m\u00e9s&hellip;  <a href=\"https:\/\/projectes.xtec.cat\/integrafp\/general\/inici-del-certificat-de-professionalitat-a-linstitut-mollerussa-datencio-sociosanitaria-a-les-persones-en-el-domicili\/\" title=\"Read INS Mollerussa: Inici del Certificat de Professionalitat d&#8217;atenci\u00f3 sociosanit\u00e0ria a les persones en el domicili\">Llegeix m\u00e9s\u00bb<\/a><\/p>\n","protected":false},"author":34,"featured_media":9165,"comment_status":"open","ping_status":"closed","sticky":false,"template":"","format":"standard","meta":{"_bbp_topic_count":0,"_bbp_reply_count":0,"_bbp_total_topic_count":0,"_bbp_total_reply_count":0,"_bbp_voice_count":0,"_bbp_anonymous_reply_count":0,"_bbp_topic_count_hidden":0,"_bbp_reply_count_hidden":0,"_bbp_forum_subforum_count":0,"footnotes":""},"categories":[154,1,29],"tags":[298,320],"class_list":["post-9151","post","type-post","status-publish","format-standard","has-post-thumbnail","hentry","category-formacio","category-general","category-portada","tag-provincia-lleida","tag-serveis-socioculturals-i-a-la-comunitat"],"post_mailing_queue_ids":[],"_links":{"self":[{"href":"https:\/\/projectes.xtec.cat\/integrafp\/wp-json\/wp\/v2\/posts\/9151","targetHints":{"allow":["GET"]}}],"collection":[{"href":"https:\/\/projectes.xtec.cat\/integrafp\/wp-json\/wp\/v2\/posts"}],"about":[{"href":"https:\/\/projectes.xtec.cat\/integrafp\/wp-json\/wp\/v2\/types\/post"}],"author":[{"embeddable":true,"href":"https:\/\/projectes.xtec.cat\/integrafp\/wp-json\/wp\/v2\/users\/34"}],"replies":[{"embeddable":true,"href":"https:\/\/projectes.xtec.cat\/integrafp\/wp-json\/wp\/v2\/comments?post=9151"}],"version-history":[{"count":4,"href":"https:\/\/projectes.xtec.cat\/integrafp\/wp-json\/wp\/v2\/posts\/9151\/revisions"}],"predecessor-version":[{"id":9698,"href":"https:\/\/projectes.xtec.cat\/integrafp\/wp-json\/wp\/v2\/posts\/9151\/revisions\/9698"}],"wp:featuredmedia":[{"embeddable":true,"href":"https:\/\/projectes.xtec.cat\/integrafp\/wp-json\/wp\/v2\/media\/9165"}],"wp:attachment":[{"href":"https:\/\/projectes.xtec.cat\/integrafp\/wp-json\/wp\/v2\/media?parent=9151"}],"wp:term":[{"taxonomy":"category","embeddable":true,"href":"https:\/\/projectes.xtec.cat\/integrafp\/wp-json\/wp\/v2\/categories?post=9151"},{"taxonomy":"post_tag","embeddable":true,"href":"https:\/\/projectes.xtec.cat\/integrafp\/wp-json\/wp\/v2\/tags?post=9151"}],"curies":[{"name":"wp","href":"https:\/\/api.w.org\/{rel}","templated":true}]}}