{"id":9160,"date":"2021-12-20T09:15:07","date_gmt":"2021-12-20T08:15:07","guid":{"rendered":"https:\/\/projectes.xtec.cat\/integrafp\/?p=9160"},"modified":"2022-04-27T10:21:13","modified_gmt":"2022-04-27T08:21:13","slug":"inici-certificat-professionalitat-de-collocacio-de-pedra-natural-a-linstitut-mollerussa","status":"publish","type":"post","link":"https:\/\/projectes.xtec.cat\/integrafp\/general\/inici-certificat-professionalitat-de-collocacio-de-pedra-natural-a-linstitut-mollerussa\/","title":{"rendered":"INS Mollerussa: Inici certificat professionalitat de col\u00b7locaci\u00f3 de pedra natural"},"content":{"rendered":"<p style=\"margin-bottom: 15.0pt; text-align: justify; background: white;\"><span style=\"font-family: 'Arial','sans-serif'; color: #444444;\">Des de l<strong><span style=\"font-family: 'Arial','sans-serif';\">\u2019Institut Mollerussa <\/span><\/strong>impartim, des del mes de novembre de 2021, el certificat de professionalitat de nivell 2 <strong><span style=\"font-family: 'Arial','sans-serif';\">\u201cCol\u00b7locaci\u00f3 de pedra natural\u201d<\/span><\/strong>, amb el que els participants podran obtenir un certificat com a t\u00e8cnics especialistes en aquesta especialitat. Es tracta d\u2019una formaci\u00f3 molt pr\u00e0ctica i completa, que capacita els alumnes que la superin per realitzar tasques del ram de paleta, especialitzat en pedra natural. <\/span><\/p>\n<p style=\"margin-bottom: 15.0pt; text-align: justify; background: white;\"><span style=\"font-family: 'Arial','sans-serif'; color: #444444;\">Es tracta d\u2019un perfil professional molt demandat, ja que durant els darrers anys s\u2019est\u00e0 donant cada cop m\u00e9s import\u00e0ncia a la construcci\u00f3 en pedra, ja sigui per la necessitat de restauraci\u00f3 de patrimoni existent, com per les \u00faltimes tend\u00e8ncies que situen aquest material com a un dels m\u00e9s ben valorats en la realitzaci\u00f3 d\u2019obres noves. <\/span><\/p>\n<p style=\"margin-bottom: 15.0pt; text-align: justify; background: white;\"><span style=\"font-family: 'Arial','sans-serif'; color: #444444;\">El curs s\u2019ofereix en horari de 15.30 a 20.30 de dilluns a dijous, del mes de novembre de 2021 al mes de juliol de 2022.<\/span><\/p>\n<p style=\"margin-bottom: 15.0pt; text-align: justify; background: white;\"><span style=\"font-family: 'Arial','sans-serif'; color: #444444;\">Resten algunes places d\u2019aquesta formaci\u00f3 per cobrir. Les persones interessades a incorporar-se a aquesta formaci\u00f3 poden trucar al tel\u00e8fon 606792797 o enviar un correu electr\u00f2nic a l\u2019adre\u00e7a <\/span><a href=\"mailto:evillaro@xtec.cat\"><span class=\"EnlladInternet\"><span style=\"font-family: 'Arial','sans-serif';\">evillaro@xtec.cat<\/span><\/span><\/a><span style=\"font-family: 'Arial','sans-serif'; color: #444444;\">.<\/span><\/p>\n<p><a href=\"https:\/\/projectes.xtec.cat\/integrafp\/wp-content\/uploads\/usu2419\/2021\/12\/NOTICIA-1-foto-IEXD0409-collocacio-de-pedra-Institut-Mollerussa.jpeg\"><img loading=\"lazy\" decoding=\"async\" class=\"alignnone size-large wp-image-9158\" src=\"https:\/\/projectes.xtec.cat\/integrafp\/wp-content\/uploads\/usu2419\/2021\/12\/NOTICIA-1-foto-IEXD0409-collocacio-de-pedra-Institut-Mollerussa-1024x473.jpeg\" alt=\"\" width=\"1024\" height=\"473\" srcset=\"https:\/\/projectes.xtec.cat\/integrafp\/wp-content\/uploads\/usu2419\/2021\/12\/NOTICIA-1-foto-IEXD0409-collocacio-de-pedra-Institut-Mollerussa-1024x473.jpeg 1024w, https:\/\/projectes.xtec.cat\/integrafp\/wp-content\/uploads\/usu2419\/2021\/12\/NOTICIA-1-foto-IEXD0409-collocacio-de-pedra-Institut-Mollerussa-300x139.jpeg 300w, https:\/\/projectes.xtec.cat\/integrafp\/wp-content\/uploads\/usu2419\/2021\/12\/NOTICIA-1-foto-IEXD0409-collocacio-de-pedra-Institut-Mollerussa-768x355.jpeg 768w, https:\/\/projectes.xtec.cat\/integrafp\/wp-content\/uploads\/usu2419\/2021\/12\/NOTICIA-1-foto-IEXD0409-collocacio-de-pedra-Institut-Mollerussa-1536x709.jpeg 1536w, https:\/\/projectes.xtec.cat\/integrafp\/wp-content\/uploads\/usu2419\/2021\/12\/NOTICIA-1-foto-IEXD0409-collocacio-de-pedra-Institut-Mollerussa.jpeg 1992w\" sizes=\"auto, (max-width: 1024px) 100vw, 1024px\" \/><\/a><\/p>\n","protected":false},"excerpt":{"rendered":"<p>Des de l\u2019Institut Mollerussa impartim, des del mes de novembre de 2021, el certificat de professionalitat de nivell 2 \u201cCol\u00b7locaci\u00f3 de pedra natural\u201d, amb el que els participants podran obtenir un certificat com a t\u00e8cnics especialistes en aquesta especialitat. Es tracta d\u2019una formaci\u00f3 molt pr\u00e0ctica&hellip;  <a href=\"https:\/\/projectes.xtec.cat\/integrafp\/general\/inici-certificat-professionalitat-de-collocacio-de-pedra-natural-a-linstitut-mollerussa\/\" title=\"Read INS Mollerussa: Inici certificat professionalitat de col\u00b7locaci\u00f3 de pedra natural\">Llegeix m\u00e9s\u00bb<\/a><\/p>\n","protected":false},"author":34,"featured_media":9158,"comment_status":"open","ping_status":"closed","sticky":false,"template":"","format":"standard","meta":{"_bbp_topic_count":0,"_bbp_reply_count":0,"_bbp_total_topic_count":0,"_bbp_total_reply_count":0,"_bbp_voice_count":0,"_bbp_anonymous_reply_count":0,"_bbp_topic_count_hidden":0,"_bbp_reply_count_hidden":0,"_bbp_forum_subforum_count":0,"footnotes":""},"categories":[154,1,29],"tags":[312,294,298],"class_list":["post-9160","post","type-post","status-publish","format-standard","has-post-thumbnail","hentry","category-formacio","category-general","category-portada","tag-industries-extractives","tag-pedra-natural","tag-provincia-lleida"],"post_mailing_queue_ids":[],"_links":{"self":[{"href":"https:\/\/projectes.xtec.cat\/integrafp\/wp-json\/wp\/v2\/posts\/9160","targetHints":{"allow":["GET"]}}],"collection":[{"href":"https:\/\/projectes.xtec.cat\/integrafp\/wp-json\/wp\/v2\/posts"}],"about":[{"href":"https:\/\/projectes.xtec.cat\/integrafp\/wp-json\/wp\/v2\/types\/post"}],"author":[{"embeddable":true,"href":"https:\/\/projectes.xtec.cat\/integrafp\/wp-json\/wp\/v2\/users\/34"}],"replies":[{"embeddable":true,"href":"https:\/\/projectes.xtec.cat\/integrafp\/wp-json\/wp\/v2\/comments?post=9160"}],"version-history":[{"count":3,"href":"https:\/\/projectes.xtec.cat\/integrafp\/wp-json\/wp\/v2\/posts\/9160\/revisions"}],"predecessor-version":[{"id":9699,"href":"https:\/\/projectes.xtec.cat\/integrafp\/wp-json\/wp\/v2\/posts\/9160\/revisions\/9699"}],"wp:featuredmedia":[{"embeddable":true,"href":"https:\/\/projectes.xtec.cat\/integrafp\/wp-json\/wp\/v2\/media\/9158"}],"wp:attachment":[{"href":"https:\/\/projectes.xtec.cat\/integrafp\/wp-json\/wp\/v2\/media?parent=9160"}],"wp:term":[{"taxonomy":"category","embeddable":true,"href":"https:\/\/projectes.xtec.cat\/integrafp\/wp-json\/wp\/v2\/categories?post=9160"},{"taxonomy":"post_tag","embeddable":true,"href":"https:\/\/projectes.xtec.cat\/integrafp\/wp-json\/wp\/v2\/tags?post=9160"}],"curies":[{"name":"wp","href":"https:\/\/api.w.org\/{rel}","templated":true}]}}