{"id":9198,"date":"2022-01-10T08:20:12","date_gmt":"2022-01-10T07:20:12","guid":{"rendered":"https:\/\/projectes.xtec.cat\/integrafp\/?p=9198"},"modified":"2022-04-27T10:24:15","modified_gmt":"2022-04-27T08:24:15","slug":"ins-de-lesport-de-barcelona-certificat-de-professionalitat-animacio-fisic-esportiva-i-recreativa","status":"publish","type":"post","link":"https:\/\/projectes.xtec.cat\/integrafp\/general\/ins-de-lesport-de-barcelona-certificat-de-professionalitat-animacio-fisic-esportiva-i-recreativa\/","title":{"rendered":"INS de l&#8217;esport de Barcelona: certificat de professionalitat Animaci\u00f3 f\u00edsic-esportiva i recreativa"},"content":{"rendered":"<p>&nbsp;<\/p>\n<p>&nbsp;<\/p>\n<p><a href=\"https:\/\/projectes.xtec.cat\/integrafp\/wp-content\/uploads\/usu2419\/2021\/12\/certificat-professionalitat-scaled.jpg\"><img loading=\"lazy\" decoding=\"async\" class=\"size-large wp-image-9200 aligncenter\" src=\"https:\/\/projectes.xtec.cat\/integrafp\/wp-content\/uploads\/usu2419\/2021\/12\/certificat-professionalitat-724x1024.jpg\" alt=\"\" width=\"724\" height=\"1024\" srcset=\"https:\/\/projectes.xtec.cat\/integrafp\/wp-content\/uploads\/usu2419\/2021\/12\/certificat-professionalitat-724x1024.jpg 724w, https:\/\/projectes.xtec.cat\/integrafp\/wp-content\/uploads\/usu2419\/2021\/12\/certificat-professionalitat-212x300.jpg 212w, https:\/\/projectes.xtec.cat\/integrafp\/wp-content\/uploads\/usu2419\/2021\/12\/certificat-professionalitat-768x1087.jpg 768w, https:\/\/projectes.xtec.cat\/integrafp\/wp-content\/uploads\/usu2419\/2021\/12\/certificat-professionalitat-1086x1536.jpg 1086w, https:\/\/projectes.xtec.cat\/integrafp\/wp-content\/uploads\/usu2419\/2021\/12\/certificat-professionalitat-1448x2048.jpg 1448w, https:\/\/projectes.xtec.cat\/integrafp\/wp-content\/uploads\/usu2419\/2021\/12\/certificat-professionalitat-scaled.jpg 1809w\" sizes=\"auto, (max-width: 724px) 100vw, 724px\" \/><\/a><\/p>\n<p style=\"text-align: justify;\">Vols treballar en el sector de les activitats f\u00edsiques, per\u00f2 no tens temps per a fer tot un cicle formatiu?<\/p>\n<p style=\"text-align: justify;\">El Certificat de Professionalitat\u00a0et permetr\u00e0\u00a0<strong>inscriure\u2019t al ROPEC o al ROPELL i treballar<\/strong>\u00a0en el sector de les activitats f\u00edsiques.<\/p>\n<p style=\"text-align: justify;\">El dia 10 de gener comencem el Certificat de Professionalitat d&#8217;Animaci\u00f3 fisic-esportiva i recreativa.<\/p>\n<p style=\"text-align: justify;\">Amb aquest certificat de nivell 3 s\u2019obt\u00e9 la formaci\u00f3 necess\u00e0ria per a desenvolupar l\u2019activitat professional, tant per compte propi com per compte d\u2019altri, en empreses o entitats p\u00fabliques o privades de qualsevol mida i et prepara per treballar com a animador\/a f\u00edsic-esportiu\/va i recreatiu\/va, com a coordinador\/a d\u2019activitats d\u2019animaci\u00f3 esportiva i com a monitor\/a d\u2019activitats fisicoesportives i recreatives en campaments.<br \/>\nAquestes sortides professionals, a m\u00e9s d\u2019una\u00a0<strong>elevada ocupabilitat<\/strong>, tenen un gran potencial educatiu i et permetran treballar en un ampli ventall de poblaci\u00f3, des d\u2019infants i joves a gent adulta.<\/p>\n<p style=\"text-align: justify;\">La superaci\u00f3 d\u2019aquest certificat de professionalitat et permet accedir al m\u00f3n laboral com a:<\/p>\n<ul style=\"text-align: justify;\">\n<li>Animador fisicoesportiu i recreatiu<\/li>\n<li>Coordinador d&#8217;activitats d&#8217;animaci\u00f3 esportiva<\/li>\n<li>Monitor d&#8217;activitats fisicoesportives i recreatives en campaments<\/li>\n<\/ul>\n<p style=\"text-align: justify;\">El Certificat de Professionalitat (CP) t\u2019ofereix un <strong style=\"font-family: inherit; font-size: 1em;\">format intensiu de 590h<\/strong><span style=\"font-family: inherit; font-size: 1em;\">\u00a0(470 de formaci\u00f3 al centre i 120 de pr\u00e0ctiques a l\u2019empresa)\u00a0<\/span><strong style=\"font-family: inherit; font-size: 1em;\">de gener a juny<\/strong><span style=\"font-family: inherit; font-size: 1em;\">,\u00a0<\/span><\/p>\n<p style=\"text-align: justify;\">A m\u00e9s, si vols continuar estudiant el\u00a0<a href=\"https:\/\/agora.xtec.cat\/ins-esport\/categoria\/estudis\/eas\/\" target=\"_blank\" rel=\"noopener\"><strong>Cicle d\u2019Ensenyament i animaci\u00f3 socioesportiva<\/strong><\/a>, et\u00a0<strong>convalida<\/strong>\u00a0els M\u00f2duls 3 i 9 i la UF4 del M\u00f2dul 1.<\/p>\n<p>Trobar\u00e0s m\u00e9s informaci\u00f3 a l&#8217;<a href=\"https:\/\/agora.xtec.cat\/ins-esport\/categoria\/estudis\/cp\/\" target=\"_blank\" rel=\"noopener\">apartat ESTUDIS-Certificat professionalitat del nostre web.<\/a><\/p>\n","protected":false},"excerpt":{"rendered":"<p>&nbsp;<br \/>\n&nbsp;<br \/>\n<a href=\"https:\/\/projectes.xtec.cat\/integrafp\/wp-content\/uploads\/usu2419\/2021\/12\/certificat-professionalitat-scaled.jpg\"><\/a><br \/>\nVols treballar en el sector de les activitats f\u00edsiques, per\u00f2 no tens temps per a fer tot un cicle formatiu?<br \/>\nEl Certificat de Professionalitat\u00a0et permetr\u00e0\u00a0inscriure\u2019t al ROPEC o al ROPELL i treballar\u00a0en el sector de les activitats f\u00edsiques.<br \/>\nEl dia 10 de gener comencem el Certificat&hellip;  <a href=\"https:\/\/projectes.xtec.cat\/integrafp\/general\/ins-de-lesport-de-barcelona-certificat-de-professionalitat-animacio-fisic-esportiva-i-recreativa\/\" title=\"Read INS de l&#8217;esport de Barcelona: certificat de professionalitat Animaci\u00f3 f\u00edsic-esportiva i recreativa\">Llegeix m\u00e9s\u00bb<\/a><\/p>\n","protected":false},"author":41,"featured_media":9200,"comment_status":"open","ping_status":"closed","sticky":false,"template":"","format":"standard","meta":{"_bbp_topic_count":0,"_bbp_reply_count":0,"_bbp_total_topic_count":0,"_bbp_total_reply_count":0,"_bbp_voice_count":0,"_bbp_anonymous_reply_count":0,"_bbp_topic_count_hidden":0,"_bbp_reply_count_hidden":0,"_bbp_forum_subforum_count":0,"footnotes":""},"categories":[154,1,29],"tags":[300,296],"class_list":["post-9198","post","type-post","status-publish","format-standard","has-post-thumbnail","hentry","category-formacio","category-general","category-portada","tag-activitats-fisiques-i-esportives","tag-barcelona"],"post_mailing_queue_ids":[],"_links":{"self":[{"href":"https:\/\/projectes.xtec.cat\/integrafp\/wp-json\/wp\/v2\/posts\/9198","targetHints":{"allow":["GET"]}}],"collection":[{"href":"https:\/\/projectes.xtec.cat\/integrafp\/wp-json\/wp\/v2\/posts"}],"about":[{"href":"https:\/\/projectes.xtec.cat\/integrafp\/wp-json\/wp\/v2\/types\/post"}],"author":[{"embeddable":true,"href":"https:\/\/projectes.xtec.cat\/integrafp\/wp-json\/wp\/v2\/users\/41"}],"replies":[{"embeddable":true,"href":"https:\/\/projectes.xtec.cat\/integrafp\/wp-json\/wp\/v2\/comments?post=9198"}],"version-history":[{"count":2,"href":"https:\/\/projectes.xtec.cat\/integrafp\/wp-json\/wp\/v2\/posts\/9198\/revisions"}],"predecessor-version":[{"id":9225,"href":"https:\/\/projectes.xtec.cat\/integrafp\/wp-json\/wp\/v2\/posts\/9198\/revisions\/9225"}],"wp:featuredmedia":[{"embeddable":true,"href":"https:\/\/projectes.xtec.cat\/integrafp\/wp-json\/wp\/v2\/media\/9200"}],"wp:attachment":[{"href":"https:\/\/projectes.xtec.cat\/integrafp\/wp-json\/wp\/v2\/media?parent=9198"}],"wp:term":[{"taxonomy":"category","embeddable":true,"href":"https:\/\/projectes.xtec.cat\/integrafp\/wp-json\/wp\/v2\/categories?post=9198"},{"taxonomy":"post_tag","embeddable":true,"href":"https:\/\/projectes.xtec.cat\/integrafp\/wp-json\/wp\/v2\/tags?post=9198"}],"curies":[{"name":"wp","href":"https:\/\/api.w.org\/{rel}","templated":true}]}}