{"id":9214,"date":"2022-01-10T08:28:03","date_gmt":"2022-01-10T07:28:03","guid":{"rendered":"https:\/\/projectes.xtec.cat\/integrafp\/?p=9214"},"modified":"2022-03-01T14:26:21","modified_gmt":"2022-03-01T13:26:21","slug":"ins-la-garrotxa-posa-en-marxa-un-nou-certificat-de-professionalitat-de-nivell-1-en-lambit-de-la-fabricacio-mecanica","status":"publish","type":"post","link":"https:\/\/projectes.xtec.cat\/integrafp\/general\/ins-la-garrotxa-posa-en-marxa-un-nou-certificat-de-professionalitat-de-nivell-1-en-lambit-de-la-fabricacio-mecanica\/","title":{"rendered":"INS la Garrotxa posa en marxa un nou Certificat de Professionalitat de nivell 1 en l\u2019\u00e0mbit de la Fabricaci\u00f3 Mec\u00e0nica"},"content":{"rendered":"<p><span style=\"font-weight: 400;\">El passat 29 de novembre es van iniciar les accions formatives del Certificat de Professionalitat d\u2019<\/span><b>Operacions Auxiliars de Fabricaci\u00f3 Mec\u00e0nica<\/b><span style=\"font-weight: 400;\"> (FMEE0108) a l\u2019Institut la Garrotxa d\u2019Olot.\u00a0<\/span><\/p>\n<p><span style=\"font-weight: 400;\">Aquest curs \u00e9s de 440 hores, que seran\u00a0principalment pr\u00e0ctiques. Es porta a terme en horari de tardes, compta amb la participaci\u00f3 de 17 alumnes i s\u2019allargar\u00e0 fins a juny de 2022.\u00a0 D\u00f3na formaci\u00f3 ocupacional reconeguda en un sector amb molta demanda a la comarca per la qual cosa esperem una bona inserci\u00f3 laboral dels participants.<\/span><\/p>\n<p><span style=\"font-weight: 400;\">L\u2019Institut la Garrotxa, ja compta amb l&#8217;experi\u00e8ncia pr\u00e8via d\u2019haver impartit els Certificats de Professionalitat ELES0208 i AGAO0108 en els \u00e0mbits d\u2019electricitat i jardineria respectivament.<\/span><\/p>\n<figure class=\"figure wp-caption alignnone\"><a href=\"https:\/\/projectes.xtec.cat\/integrafp\/wp-content\/uploads\/usu2419\/2022\/01\/IMG_20211221_175001-1-scaled.jpg\"><img loading=\"lazy\" decoding=\"async\" class=\"size-large wp-image-9216\" src=\"https:\/\/projectes.xtec.cat\/integrafp\/wp-content\/uploads\/usu2419\/2022\/01\/IMG_20211221_175001-1-1024x548.jpg\" alt=\"\" width=\"1024\" height=\"548\" srcset=\"https:\/\/projectes.xtec.cat\/integrafp\/wp-content\/uploads\/usu2419\/2022\/01\/IMG_20211221_175001-1-1024x548.jpg 1024w, https:\/\/projectes.xtec.cat\/integrafp\/wp-content\/uploads\/usu2419\/2022\/01\/IMG_20211221_175001-1-300x161.jpg 300w, https:\/\/projectes.xtec.cat\/integrafp\/wp-content\/uploads\/usu2419\/2022\/01\/IMG_20211221_175001-1-768x411.jpg 768w, https:\/\/projectes.xtec.cat\/integrafp\/wp-content\/uploads\/usu2419\/2022\/01\/IMG_20211221_175001-1-1536x822.jpg 1536w, https:\/\/projectes.xtec.cat\/integrafp\/wp-content\/uploads\/usu2419\/2022\/01\/IMG_20211221_175001-1-2048x1096.jpg 2048w\" sizes=\"auto, (max-width: 1024px) 100vw, 1024px\" \/><\/a><figcaption class=\"wp-caption-text\">Alumnes del CP al taller de mecanitzaci\u00f3<\/figcaption><\/figure>\n","protected":false},"excerpt":{"rendered":"<p>El passat 29 de novembre es van iniciar les accions formatives del Certificat de Professionalitat d\u2019Operacions Auxiliars de Fabricaci\u00f3 Mec\u00e0nica (FMEE0108) a l\u2019Institut la Garrotxa d\u2019Olot.\u00a0<br \/>\nAquest curs \u00e9s de 440 hores, que seran\u00a0principalment pr\u00e0ctiques. Es porta a terme en horari de tardes, compta amb la&hellip;  <a href=\"https:\/\/projectes.xtec.cat\/integrafp\/general\/ins-la-garrotxa-posa-en-marxa-un-nou-certificat-de-professionalitat-de-nivell-1-en-lambit-de-la-fabricacio-mecanica\/\" title=\"Read INS la Garrotxa posa en marxa un nou Certificat de Professionalitat de nivell 1 en l\u2019\u00e0mbit de la Fabricaci\u00f3 Mec\u00e0nica\">Llegeix m\u00e9s\u00bb<\/a><\/p>\n","protected":false},"author":42,"featured_media":9216,"comment_status":"open","ping_status":"closed","sticky":false,"template":"","format":"standard","meta":{"_bbp_topic_count":0,"_bbp_reply_count":0,"_bbp_total_topic_count":0,"_bbp_total_reply_count":0,"_bbp_voice_count":0,"_bbp_anonymous_reply_count":0,"_bbp_topic_count_hidden":0,"_bbp_reply_count_hidden":0,"_bbp_forum_subforum_count":0,"footnotes":""},"categories":[154,1,29],"tags":[295,297],"class_list":["post-9214","post","type-post","status-publish","format-standard","has-post-thumbnail","hentry","category-formacio","category-general","category-portada","tag-fabricacio-mecanica","tag-girona"],"post_mailing_queue_ids":[],"_links":{"self":[{"href":"https:\/\/projectes.xtec.cat\/integrafp\/wp-json\/wp\/v2\/posts\/9214","targetHints":{"allow":["GET"]}}],"collection":[{"href":"https:\/\/projectes.xtec.cat\/integrafp\/wp-json\/wp\/v2\/posts"}],"about":[{"href":"https:\/\/projectes.xtec.cat\/integrafp\/wp-json\/wp\/v2\/types\/post"}],"author":[{"embeddable":true,"href":"https:\/\/projectes.xtec.cat\/integrafp\/wp-json\/wp\/v2\/users\/42"}],"replies":[{"embeddable":true,"href":"https:\/\/projectes.xtec.cat\/integrafp\/wp-json\/wp\/v2\/comments?post=9214"}],"version-history":[{"count":2,"href":"https:\/\/projectes.xtec.cat\/integrafp\/wp-json\/wp\/v2\/posts\/9214\/revisions"}],"predecessor-version":[{"id":9231,"href":"https:\/\/projectes.xtec.cat\/integrafp\/wp-json\/wp\/v2\/posts\/9214\/revisions\/9231"}],"wp:featuredmedia":[{"embeddable":true,"href":"https:\/\/projectes.xtec.cat\/integrafp\/wp-json\/wp\/v2\/media\/9216"}],"wp:attachment":[{"href":"https:\/\/projectes.xtec.cat\/integrafp\/wp-json\/wp\/v2\/media?parent=9214"}],"wp:term":[{"taxonomy":"category","embeddable":true,"href":"https:\/\/projectes.xtec.cat\/integrafp\/wp-json\/wp\/v2\/categories?post=9214"},{"taxonomy":"post_tag","embeddable":true,"href":"https:\/\/projectes.xtec.cat\/integrafp\/wp-json\/wp\/v2\/tags?post=9214"}],"curies":[{"name":"wp","href":"https:\/\/api.w.org\/{rel}","templated":true}]}}