{"id":9220,"date":"2022-01-10T08:30:16","date_gmt":"2022-01-10T07:30:16","guid":{"rendered":"https:\/\/projectes.xtec.cat\/integrafp\/?p=9220"},"modified":"2022-04-27T10:28:06","modified_gmt":"2022-04-27T08:28:06","slug":"ins-bernat-el-ferrer-cursos-ifct-0110-i-eles-0209","status":"publish","type":"post","link":"https:\/\/projectes.xtec.cat\/integrafp\/general\/ins-bernat-el-ferrer-cursos-ifct-0110-i-eles-0209\/","title":{"rendered":"INS Bernat el Ferrer: Cursos IFCT-0110 i ELES-0209"},"content":{"rendered":"<p>Des de l\u2019Institut Bernat El Ferrer oferim la formaci\u00f3 dels seg\u00fcents Certificats de Professionalitat:<\/p>\n<p>&nbsp;<\/p>\n<p><span style=\"text-decoration: underline;\"><strong>IFCT0110 OPERACI\u00d3 DE XARXES DEPARTAMENTALS<\/strong><\/span><\/p>\n<p>\u00c0rea Professional: Sistemes i telem\u00e0tica<\/p>\n<p>Fam\u00edlia professional: Inform\u00e0tica i comunicacions<\/p>\n<p>Compet\u00e8ncia general: Realitzar procediments que assegurin la connectivitat oferta per una xarxa departamental, aix\u00ed com l&#8217;acc\u00e9s als recursos d&#8217;aquesta, mitjan\u00e7ant la configuraci\u00f3 I monitoratge dels elements de connexi\u00f3, la instal\u00b7laci\u00f3 del programari de xarxa, l&#8217;operativa de manteniment, la resoluci\u00f3 dels problemes o incid\u00e8ncies detectades, seguint especificacions establertes.<\/p>\n<p>Sortides Professionals:<\/p>\n<p>&#8211; T\u00e8cnic en sistemes microinform\u00e0tics.<\/p>\n<p>&#8211; Operador de xarxes locals.<\/p>\n<p>&#8211; T\u00e8cnic en operacions de xarxes telem\u00e0tiques.<\/p>\n<p>Data inici: 17\/01\/22 \u2013 17\/07\/22 (530h + 40h Pr\u00e0ctiques) **(Apla\u00e7ada una setmana la data d&#8217;inici respecte el cartell promocional)<\/p>\n<p>Inscripci\u00f3: <a href=\"https:\/\/www.oficinadetreball.gencat.cat\/socfuncions\/DetallCurs.do?idCurs=390196\">https:\/\/www.oficinadetreball.gencat.cat\/socfuncions\/DetallCurs.do?idCurs=390196<\/a><\/p>\n<p>&nbsp;<\/p>\n<p><span style=\"text-decoration: underline;\"><strong>ELES0209 MUNTATGE I MANTENIMENT DE SISTEMES DE TELEFONIA I INFRAESTRUCTURES DE XARXES LOCALS DE DADES<\/strong><\/span><\/p>\n<p>\u00c0rea Professional: electricitat i electr\u00f2nica<\/p>\n<p>Fam\u00edlia professional: Instal\u00b7lacions de telecomunicaci\u00f3<\/p>\n<p>Compet\u00e8ncia general: Instal\u00b7lar i mantenir centraletes telef\u00f2niques de baixa capacitat amb la seva instal\u00b7laci\u00f3 associada, i infraestructures de xarxes locals de dades, cablejades, sense fils I VSAT d&#8217;acord amb la documentaci\u00f3 t\u00e8cnica, aconseguint els criteris de qualitat, en condicions de seguretat i complint la normativa vigent.<\/p>\n<p>Sortides Professionals:<\/p>\n<p>&#8211; Instal\u00b7ladors d&#8217;equips i sistemes de telecomunicaci\u00f3.<\/p>\n<p>&#8211; Instal\u00b7ladors d&#8217;equips i sistemes de comunicaci\u00f3.<\/p>\n<p>&#8211; T\u00e8cnic en comunicacions<\/p>\n<p>&#8211; Instal\u00b7lador de telefonia (\u00e0rea de consum).<\/p>\n<p>&#8211; Instal\u00b7lador d&#8217;equips telef\u00f2nics.<\/p>\n<p>&#8211; T\u00e8cnic en instal\u00b7laci\u00f3 i manteniment de xarxes locals.<\/p>\n<p>&#8211; Instal\u00b7lador-muntador d&#8217;equips telef\u00f2nics i telem\u00e0tics.<\/p>\n<p>&#8211; Instal\u00b7ladors i reparadors d&#8217;equips telef\u00f2nics i telegr\u00e0fics.<\/p>\n<p>&#8211; T\u00e8cnic de xarxes locals i telem\u00e0tica.<\/p>\n<p>Data inici: 24\/01\/22 \u2013 10\/05\/22 (350h + 80h Pr\u00e0ctiques)<\/p>\n<p>Inscripci\u00f3: <a href=\"https:\/\/projectes.xtec.cat\/integrafp\/wp-content\/uploads\/usu2419\/2022\/01\/cartel_soc_elec.png\"><img loading=\"lazy\" decoding=\"async\" class=\"alignnone size-large wp-image-9221\" src=\"https:\/\/projectes.xtec.cat\/integrafp\/wp-content\/uploads\/usu2419\/2022\/01\/cartel_soc_elec-722x1024.png\" alt=\"\" width=\"722\" height=\"1024\" srcset=\"https:\/\/projectes.xtec.cat\/integrafp\/wp-content\/uploads\/usu2419\/2022\/01\/cartel_soc_elec-722x1024.png 722w, https:\/\/projectes.xtec.cat\/integrafp\/wp-content\/uploads\/usu2419\/2022\/01\/cartel_soc_elec-211x300.png 211w, https:\/\/projectes.xtec.cat\/integrafp\/wp-content\/uploads\/usu2419\/2022\/01\/cartel_soc_elec-768x1090.png 768w, https:\/\/projectes.xtec.cat\/integrafp\/wp-content\/uploads\/usu2419\/2022\/01\/cartel_soc_elec.png 800w\" sizes=\"auto, (max-width: 722px) 100vw, 722px\" \/><\/a> <a href=\"https:\/\/projectes.xtec.cat\/integrafp\/wp-content\/uploads\/usu2419\/2022\/01\/informatica_cartel_soc.png\"><img loading=\"lazy\" decoding=\"async\" class=\"alignnone size-large wp-image-9222\" src=\"https:\/\/projectes.xtec.cat\/integrafp\/wp-content\/uploads\/usu2419\/2022\/01\/informatica_cartel_soc-722x1024.png\" alt=\"\" width=\"722\" height=\"1024\" srcset=\"https:\/\/projectes.xtec.cat\/integrafp\/wp-content\/uploads\/usu2419\/2022\/01\/informatica_cartel_soc-722x1024.png 722w, https:\/\/projectes.xtec.cat\/integrafp\/wp-content\/uploads\/usu2419\/2022\/01\/informatica_cartel_soc-211x300.png 211w, https:\/\/projectes.xtec.cat\/integrafp\/wp-content\/uploads\/usu2419\/2022\/01\/informatica_cartel_soc-768x1090.png 768w, https:\/\/projectes.xtec.cat\/integrafp\/wp-content\/uploads\/usu2419\/2022\/01\/informatica_cartel_soc.png 800w\" sizes=\"auto, (max-width: 722px) 100vw, 722px\" \/><\/a><\/p>\n","protected":false},"excerpt":{"rendered":"<p>Des de l\u2019Institut Bernat El Ferrer oferim la formaci\u00f3 dels seg\u00fcents Certificats de Professionalitat:<br \/>\n&nbsp;<br \/>\nIFCT0110 OPERACI\u00d3 DE XARXES DEPARTAMENTALS<br \/>\n\u00c0rea Professional: Sistemes i telem\u00e0tica<br \/>\nFam\u00edlia professional: Inform\u00e0tica i comunicacions<br \/>\nCompet\u00e8ncia general: Realitzar procediments que assegurin la connectivitat oferta per una xarxa departamental, aix\u00ed com l&#8217;acc\u00e9s als recursos d&#8217;aquesta, mitjan\u00e7ant&hellip;  <a href=\"https:\/\/projectes.xtec.cat\/integrafp\/general\/ins-bernat-el-ferrer-cursos-ifct-0110-i-eles-0209\/\" title=\"Read INS Bernat el Ferrer: Cursos IFCT-0110 i ELES-0209\">Llegeix m\u00e9s\u00bb<\/a><\/p>\n","protected":false},"author":43,"featured_media":0,"comment_status":"open","ping_status":"closed","sticky":false,"template":"","format":"standard","meta":{"_bbp_topic_count":0,"_bbp_reply_count":0,"_bbp_total_topic_count":0,"_bbp_total_reply_count":0,"_bbp_voice_count":0,"_bbp_anonymous_reply_count":0,"_bbp_topic_count_hidden":0,"_bbp_reply_count_hidden":0,"_bbp_forum_subforum_count":0,"footnotes":""},"categories":[154,1,29],"tags":[307,313,296],"class_list":["post-9220","post","type-post","status-publish","format-standard","hentry","category-formacio","category-general","category-portada","tag-electricitat-i-electronica","tag-informatica-i-comunicacions","tag-barcelona"],"post_mailing_queue_ids":[],"_links":{"self":[{"href":"https:\/\/projectes.xtec.cat\/integrafp\/wp-json\/wp\/v2\/posts\/9220","targetHints":{"allow":["GET"]}}],"collection":[{"href":"https:\/\/projectes.xtec.cat\/integrafp\/wp-json\/wp\/v2\/posts"}],"about":[{"href":"https:\/\/projectes.xtec.cat\/integrafp\/wp-json\/wp\/v2\/types\/post"}],"author":[{"embeddable":true,"href":"https:\/\/projectes.xtec.cat\/integrafp\/wp-json\/wp\/v2\/users\/43"}],"replies":[{"embeddable":true,"href":"https:\/\/projectes.xtec.cat\/integrafp\/wp-json\/wp\/v2\/comments?post=9220"}],"version-history":[{"count":2,"href":"https:\/\/projectes.xtec.cat\/integrafp\/wp-json\/wp\/v2\/posts\/9220\/revisions"}],"predecessor-version":[{"id":9233,"href":"https:\/\/projectes.xtec.cat\/integrafp\/wp-json\/wp\/v2\/posts\/9220\/revisions\/9233"}],"wp:attachment":[{"href":"https:\/\/projectes.xtec.cat\/integrafp\/wp-json\/wp\/v2\/media?parent=9220"}],"wp:term":[{"taxonomy":"category","embeddable":true,"href":"https:\/\/projectes.xtec.cat\/integrafp\/wp-json\/wp\/v2\/categories?post=9220"},{"taxonomy":"post_tag","embeddable":true,"href":"https:\/\/projectes.xtec.cat\/integrafp\/wp-json\/wp\/v2\/tags?post=9220"}],"curies":[{"name":"wp","href":"https:\/\/api.w.org\/{rel}","templated":true}]}}