{"id":9257,"date":"2022-01-11T10:24:55","date_gmt":"2022-01-11T09:24:55","guid":{"rendered":"https:\/\/projectes.xtec.cat\/integrafp\/?p=9257"},"modified":"2022-04-27T10:28:21","modified_gmt":"2022-04-27T08:28:21","slug":"ins-mollerussa-inici-cp-d-activitats-auxiliars-en-vivers-jardins-i-centres-de-jardineria","status":"publish","type":"post","link":"https:\/\/projectes.xtec.cat\/integrafp\/general\/ins-mollerussa-inici-cp-d-activitats-auxiliars-en-vivers-jardins-i-centres-de-jardineria\/","title":{"rendered":"INS Mollerussa: Inici CP d&#8217; Activitats auxiliars en vivers, jardins i centres de jardineria"},"content":{"rendered":"<p>El passat dia 22 de novembre es va iniciar el curs: \u201c<em>Activitats auxiliars en vivers, jardins i centres de jardineria<\/em>\u201d a l\u2019Institut de Mollerussa, dirigit a aturats i inscrits al SOC. La formaci\u00f3 adquirida permetr\u00e0 als alumnes aprendre a realitzar operacions auxiliars per la producci\u00f3 i manteniment de plantes en vivers i centres de jardineria, aix\u00ed com tasques de manteniment de jardins, parcs i zones verdes. Aquest curs tamb\u00e9 porta associades unes hores de pr\u00e0ctica en empreses col\u00b7laboradores i est\u00e0 previst que finalitzi al mes d\u2019abril del 2.022, \u00e8poca de l\u2019any favorable per l\u2019entrada al mercat laboral.<\/p>\n<p><a href=\"https:\/\/projectes.xtec.cat\/integrafp\/wp-content\/uploads\/usu2419\/2022\/01\/Jardineria-1.jpg\"><img loading=\"lazy\" decoding=\"async\" class=\"alignnone size-large wp-image-9254\" src=\"https:\/\/projectes.xtec.cat\/integrafp\/wp-content\/uploads\/usu2419\/2022\/01\/Jardineria-1-1024x768.jpg\" alt=\"\" width=\"1024\" height=\"768\" srcset=\"https:\/\/projectes.xtec.cat\/integrafp\/wp-content\/uploads\/usu2419\/2022\/01\/Jardineria-1-1024x768.jpg 1024w, https:\/\/projectes.xtec.cat\/integrafp\/wp-content\/uploads\/usu2419\/2022\/01\/Jardineria-1-300x225.jpg 300w, https:\/\/projectes.xtec.cat\/integrafp\/wp-content\/uploads\/usu2419\/2022\/01\/Jardineria-1-768x576.jpg 768w, https:\/\/projectes.xtec.cat\/integrafp\/wp-content\/uploads\/usu2419\/2022\/01\/Jardineria-1-200x150.jpg 200w, https:\/\/projectes.xtec.cat\/integrafp\/wp-content\/uploads\/usu2419\/2022\/01\/Jardineria-1.jpg 1080w\" sizes=\"auto, (max-width: 1024px) 100vw, 1024px\" \/><\/a><\/p>\n<p>Les classes del curs: \u201c<em>Activitats auxiliars en vivers, jardins i centres de jardineria<\/em>\u201d s\u00f3n presencials i es realitzen en part a l\u2019aula destinada a adquirir els coneixements te\u00f2rics, per\u00f2 tamb\u00e9 tenen una component pr\u00e0ctica important ja que el centre on es realitza, l\u2019Institut Mollerussa, disposa d\u2019unes instal\u00b7lacions adequades per aquesta formaci\u00f3 i disposa de maquin\u00e0ria, eines i material de jardineria, d\u2019un viver homologat i de professors del mateix centre amb una experi\u00e8ncia dilatada.<\/p>\n<p><a href=\"https:\/\/projectes.xtec.cat\/integrafp\/wp-content\/uploads\/usu2419\/2022\/01\/Jardineria-2.jpg\"><img loading=\"lazy\" decoding=\"async\" class=\"alignnone wp-image-9255\" src=\"https:\/\/projectes.xtec.cat\/integrafp\/wp-content\/uploads\/usu2419\/2022\/01\/Jardineria-2.jpg\" alt=\"\" width=\"460\" height=\"613\" srcset=\"https:\/\/projectes.xtec.cat\/integrafp\/wp-content\/uploads\/usu2419\/2022\/01\/Jardineria-2.jpg 599w, https:\/\/projectes.xtec.cat\/integrafp\/wp-content\/uploads\/usu2419\/2022\/01\/Jardineria-2-225x300.jpg 225w\" sizes=\"auto, (max-width: 460px) 100vw, 460px\" \/><\/a>\u00a0 \u00a0 \u00a0<a href=\"https:\/\/projectes.xtec.cat\/integrafp\/wp-content\/uploads\/usu2419\/2022\/01\/Jardineria-3.jpg\"><img loading=\"lazy\" decoding=\"async\" class=\"alignnone wp-image-9256\" src=\"https:\/\/projectes.xtec.cat\/integrafp\/wp-content\/uploads\/usu2419\/2022\/01\/Jardineria-3.jpg\" alt=\"\" width=\"458\" height=\"611\" srcset=\"https:\/\/projectes.xtec.cat\/integrafp\/wp-content\/uploads\/usu2419\/2022\/01\/Jardineria-3.jpg 582w, https:\/\/projectes.xtec.cat\/integrafp\/wp-content\/uploads\/usu2419\/2022\/01\/Jardineria-3-225x300.jpg 225w\" sizes=\"auto, (max-width: 458px) 100vw, 458px\" \/><\/a><\/p>\n<p>En aquesta imatge podem veure com dos dels alumnes del curs estan finalitzant les tasques de soterrament de la m\u00e0nega d\u2019aigua i acoblament dels difusors que formaran part d\u2019una instal\u00b7laci\u00f3 per regar la gespa que posteriorment s\u2019hi sembrar\u00e0. Com es pot apreciar, el pes de la part pr\u00e0ctica combinat amb els coneixements te\u00f2rics adquirits fan que l\u2019alumne assoleixi les compet\u00e8ncies del curs i pugui accedir al mercat laboral amb la garantia d\u2019una s\u00f2lida formaci\u00f3 i habilitats per realitzar les operacions d\u2019implantaci\u00f3 i manteniment del jardins, parcs i zones verdes.<\/p>\n","protected":false},"excerpt":{"rendered":"<p>El passat dia 22 de novembre es va iniciar el curs: \u201cActivitats auxiliars en vivers, jardins i centres de jardineria\u201d a l\u2019Institut de Mollerussa, dirigit a aturats i inscrits al SOC. La formaci\u00f3 adquirida permetr\u00e0 als alumnes aprendre a realitzar operacions auxiliars per la producci\u00f3&hellip;  <a href=\"https:\/\/projectes.xtec.cat\/integrafp\/general\/ins-mollerussa-inici-cp-d-activitats-auxiliars-en-vivers-jardins-i-centres-de-jardineria\/\" title=\"Read INS Mollerussa: Inici CP d&#8217; Activitats auxiliars en vivers, jardins i centres de jardineria\">Llegeix m\u00e9s\u00bb<\/a><\/p>\n","protected":false},"author":34,"featured_media":9255,"comment_status":"open","ping_status":"closed","sticky":false,"template":"","format":"standard","meta":{"_bbp_topic_count":0,"_bbp_reply_count":0,"_bbp_total_topic_count":0,"_bbp_total_reply_count":0,"_bbp_voice_count":0,"_bbp_anonymous_reply_count":0,"_bbp_topic_count_hidden":0,"_bbp_reply_count_hidden":0,"_bbp_forum_subforum_count":0,"footnotes":""},"categories":[154,1,29],"tags":[302,298],"class_list":["post-9257","post","type-post","status-publish","format-standard","has-post-thumbnail","hentry","category-formacio","category-general","category-portada","tag-agraria","tag-provincia-lleida"],"post_mailing_queue_ids":[],"_links":{"self":[{"href":"https:\/\/projectes.xtec.cat\/integrafp\/wp-json\/wp\/v2\/posts\/9257","targetHints":{"allow":["GET"]}}],"collection":[{"href":"https:\/\/projectes.xtec.cat\/integrafp\/wp-json\/wp\/v2\/posts"}],"about":[{"href":"https:\/\/projectes.xtec.cat\/integrafp\/wp-json\/wp\/v2\/types\/post"}],"author":[{"embeddable":true,"href":"https:\/\/projectes.xtec.cat\/integrafp\/wp-json\/wp\/v2\/users\/34"}],"replies":[{"embeddable":true,"href":"https:\/\/projectes.xtec.cat\/integrafp\/wp-json\/wp\/v2\/comments?post=9257"}],"version-history":[{"count":3,"href":"https:\/\/projectes.xtec.cat\/integrafp\/wp-json\/wp\/v2\/posts\/9257\/revisions"}],"predecessor-version":[{"id":9263,"href":"https:\/\/projectes.xtec.cat\/integrafp\/wp-json\/wp\/v2\/posts\/9257\/revisions\/9263"}],"wp:featuredmedia":[{"embeddable":true,"href":"https:\/\/projectes.xtec.cat\/integrafp\/wp-json\/wp\/v2\/media\/9255"}],"wp:attachment":[{"href":"https:\/\/projectes.xtec.cat\/integrafp\/wp-json\/wp\/v2\/media?parent=9257"}],"wp:term":[{"taxonomy":"category","embeddable":true,"href":"https:\/\/projectes.xtec.cat\/integrafp\/wp-json\/wp\/v2\/categories?post=9257"},{"taxonomy":"post_tag","embeddable":true,"href":"https:\/\/projectes.xtec.cat\/integrafp\/wp-json\/wp\/v2\/tags?post=9257"}],"curies":[{"name":"wp","href":"https:\/\/api.w.org\/{rel}","templated":true}]}}