{"id":9338,"date":"2022-01-24T08:33:09","date_gmt":"2022-01-24T07:33:09","guid":{"rendered":"https:\/\/projectes.xtec.cat\/integrafp\/?p=9338"},"modified":"2022-04-27T10:30:09","modified_gmt":"2022-04-27T08:30:09","slug":"ins-jaume-huguet-certificat-de-professionalitat-manteniment-i-muntatge-mecanic-dequips-industrials","status":"publish","type":"post","link":"https:\/\/projectes.xtec.cat\/integrafp\/general\/ins-jaume-huguet-certificat-de-professionalitat-manteniment-i-muntatge-mecanic-dequips-industrials\/","title":{"rendered":"INS Jaume Huguet: Certificat de Professionalitat Manteniment i muntatge mec\u00e0nic d&#8217;equips industrials"},"content":{"rendered":"<p style=\"text-align: left;\">Per poder fer un bon manteniment \u00e9s fonamental la interpretaci\u00f3 de pl\u00e0nols. Al Certificat de Professionalitat que fem des del Servei d&#8217;Ocupaci\u00f3 de Catalunya a l\u2019Institut Jaume Huguet, posem a l&#8217;abast dels participants del certificat de professionalitat de Manteniment i muntatge mec\u00e0nic d\u2019equips industrials, les nostres instal\u00b7lacions de la formaci\u00f3 professional industrial.<\/p>\n<p style=\"text-align: left;\">Els alumnes estan treballant en els pl\u00e0nols mec\u00e0nics, pneum\u00e0tics, hidr\u00e0ulics i d\u2019automatitzaci\u00f3. Interpreten els pl\u00e0nols i els reprodueixen com es mostra a la fotografia adjunta en el camp de la pneum\u00e0tica, aconseguint un aprenentatge vivencial, tamb\u00e9 a la formaci\u00f3 professional ocupacional que impartim.\u00a0 D&#8217;aquesta manera els participants al curs milloren la seva qualificaci\u00f3 professional relacionant els conceptes te\u00f2rics amb la pr\u00e0ctica professional als tallers de l&#8217;Institut Jaume Huguet\u00b7Antiga Escola del Treball de Valls. #TotsSomJaumeHuguet #TotsSomFP.<\/p>\n<p><a href=\"https:\/\/projectes.xtec.cat\/integrafp\/wp-content\/uploads\/usu2419\/2022\/01\/WhatsApp-Image-2022-01-14-at-17.59.46.jpeg\"><img loading=\"lazy\" decoding=\"async\" class=\"wp-image-9339 aligncenter\" src=\"https:\/\/projectes.xtec.cat\/integrafp\/wp-content\/uploads\/usu2419\/2022\/01\/WhatsApp-Image-2022-01-14-at-17.59.46-1024x768.jpeg\" alt=\"\" width=\"753\" height=\"565\" srcset=\"https:\/\/projectes.xtec.cat\/integrafp\/wp-content\/uploads\/usu2419\/2022\/01\/WhatsApp-Image-2022-01-14-at-17.59.46-1024x768.jpeg 1024w, https:\/\/projectes.xtec.cat\/integrafp\/wp-content\/uploads\/usu2419\/2022\/01\/WhatsApp-Image-2022-01-14-at-17.59.46-300x225.jpeg 300w, https:\/\/projectes.xtec.cat\/integrafp\/wp-content\/uploads\/usu2419\/2022\/01\/WhatsApp-Image-2022-01-14-at-17.59.46-768x576.jpeg 768w, https:\/\/projectes.xtec.cat\/integrafp\/wp-content\/uploads\/usu2419\/2022\/01\/WhatsApp-Image-2022-01-14-at-17.59.46-1536x1152.jpeg 1536w, https:\/\/projectes.xtec.cat\/integrafp\/wp-content\/uploads\/usu2419\/2022\/01\/WhatsApp-Image-2022-01-14-at-17.59.46-200x150.jpeg 200w, https:\/\/projectes.xtec.cat\/integrafp\/wp-content\/uploads\/usu2419\/2022\/01\/WhatsApp-Image-2022-01-14-at-17.59.46.jpeg 1600w\" sizes=\"auto, (max-width: 753px) 100vw, 753px\" \/><\/a><\/p>\n","protected":false},"excerpt":{"rendered":"<p>Per poder fer un bon manteniment \u00e9s fonamental la interpretaci\u00f3 de pl\u00e0nols. Al Certificat de Professionalitat que fem des del Servei d&#8217;Ocupaci\u00f3 de Catalunya a l\u2019Institut Jaume Huguet, posem a l&#8217;abast dels participants del certificat de professionalitat de Manteniment i muntatge mec\u00e0nic d\u2019equips industrials, les&hellip;  <a href=\"https:\/\/projectes.xtec.cat\/integrafp\/general\/ins-jaume-huguet-certificat-de-professionalitat-manteniment-i-muntatge-mecanic-dequips-industrials\/\" title=\"Read INS Jaume Huguet: Certificat de Professionalitat Manteniment i muntatge mec\u00e0nic d&#8217;equips industrials\">Llegeix m\u00e9s\u00bb<\/a><\/p>\n","protected":false},"author":45,"featured_media":9339,"comment_status":"open","ping_status":"closed","sticky":false,"template":"","format":"standard","meta":{"_bbp_topic_count":0,"_bbp_reply_count":0,"_bbp_total_topic_count":0,"_bbp_total_reply_count":0,"_bbp_voice_count":0,"_bbp_anonymous_reply_count":0,"_bbp_topic_count_hidden":0,"_bbp_reply_count_hidden":0,"_bbp_forum_subforum_count":0,"footnotes":""},"categories":[154,1,29],"tags":[314,299],"class_list":["post-9338","post","type-post","status-publish","format-standard","has-post-thumbnail","hentry","category-formacio","category-general","category-portada","tag-installacio-i-manteniment","tag-provincia-tarragona"],"post_mailing_queue_ids":[],"_links":{"self":[{"href":"https:\/\/projectes.xtec.cat\/integrafp\/wp-json\/wp\/v2\/posts\/9338","targetHints":{"allow":["GET"]}}],"collection":[{"href":"https:\/\/projectes.xtec.cat\/integrafp\/wp-json\/wp\/v2\/posts"}],"about":[{"href":"https:\/\/projectes.xtec.cat\/integrafp\/wp-json\/wp\/v2\/types\/post"}],"author":[{"embeddable":true,"href":"https:\/\/projectes.xtec.cat\/integrafp\/wp-json\/wp\/v2\/users\/45"}],"replies":[{"embeddable":true,"href":"https:\/\/projectes.xtec.cat\/integrafp\/wp-json\/wp\/v2\/comments?post=9338"}],"version-history":[{"count":3,"href":"https:\/\/projectes.xtec.cat\/integrafp\/wp-json\/wp\/v2\/posts\/9338\/revisions"}],"predecessor-version":[{"id":9347,"href":"https:\/\/projectes.xtec.cat\/integrafp\/wp-json\/wp\/v2\/posts\/9338\/revisions\/9347"}],"wp:featuredmedia":[{"embeddable":true,"href":"https:\/\/projectes.xtec.cat\/integrafp\/wp-json\/wp\/v2\/media\/9339"}],"wp:attachment":[{"href":"https:\/\/projectes.xtec.cat\/integrafp\/wp-json\/wp\/v2\/media?parent=9338"}],"wp:term":[{"taxonomy":"category","embeddable":true,"href":"https:\/\/projectes.xtec.cat\/integrafp\/wp-json\/wp\/v2\/categories?post=9338"},{"taxonomy":"post_tag","embeddable":true,"href":"https:\/\/projectes.xtec.cat\/integrafp\/wp-json\/wp\/v2\/tags?post=9338"}],"curies":[{"name":"wp","href":"https:\/\/api.w.org\/{rel}","templated":true}]}}