{"id":9373,"date":"2022-01-31T14:57:14","date_gmt":"2022-01-31T13:57:14","guid":{"rendered":"https:\/\/projectes.xtec.cat\/integrafp\/?p=9373"},"modified":"2022-03-24T11:37:07","modified_gmt":"2022-03-24T10:37:07","slug":"inor-part-comuna","status":"publish","type":"post","link":"https:\/\/projectes.xtec.cat\/integrafp\/general\/inor-part-comuna\/","title":{"rendered":"Dossier Orientador Ocupacional"},"content":{"rendered":"<p><strong>Part comuna<\/strong><\/p>\n<p><a id=\"apartat21\"><\/a><br \/>\n<br \/>\n<strong>2,1- Definici\u00f3 de Certificat de Professionalitat: nivells\u00a0<\/strong><\/p>\n<p><span style=\"font-weight: 400;\">El Certificat de Professionalitat \u00e9s el document oficial que acredita les compet\u00e8ncies professionals i garanteixen que la persona que l\u2019obt\u00e9 t\u00e9 els coneixements, les habilitats i les aptituds per desenvolupar una activitat laboral d\u2019acord amb les exig\u00e8ncies del mercat de treball.<\/span><\/p>\n<p><span style=\"font-weight: 400;\">Tots els certificats de professionalitat\u00a0 inclouen un m\u00f2dul de formaci\u00f3 pr\u00e0ctica en centres de treball. La superaci\u00f3 d\u2019aquest m\u00f2dul de pr\u00e0ctiques \u00e9s imprescindible per obtenir el certificat de professionalitat, si b\u00e9 hi ha l\u2019opci\u00f3 d\u2019obtenir l\u2019exempci\u00f3 d\u2019aquest m\u00f2dul.<\/span><\/p>\n<p><span style=\"font-weight: 400;\">Els certificats de professionalitat s\u00f3n v\u00e0lids a tot el territori espanyol i, a m\u00e9s, la normativa europea permet el reconeixement de les qualificacions professionals acreditades a la Uni\u00f3 Europea, de manera que faciliten la mobilitat geogr\u00e0fica.<\/span><\/p>\n<p><span style=\"font-weight: 400;\">Cada certificat de professionalitat acredita una qualificaci\u00f3 professional del Cat\u00e0leg Nacional de Qualificacions Professionals encara que, de manera excepcional, por haver-hi certificats que acreditin nom\u00e9s una part de la qualificaci\u00f3.<\/span><\/p>\n<p><span style=\"font-weight: 400;\">Segons el Reial decret 1128\/2003, de 5 de setembre, pel que es regula el Cat\u00e0leg Nacional de Qualificacions Professionals s\u2019estableix en l\u2019annex II els nivells de qualificaci\u00f3, dels quals la formaci\u00f3 professional per l\u2019ocupaci\u00f3 acredita nivells 1, 2 i 3; no obstant el Sistema Nacional de Qualificacions Professionals estableix 5 nivells de qualificaci\u00f3:<\/span><\/p>\n<ul>\n<li style=\"font-weight: 400;\" aria-level=\"1\"><span style=\"font-weight: 400;\"><strong>Nivell 1:<\/strong> compet\u00e8ncia en un conjunt redu\u00eft d\u2019activitats de treball relativament simples corresponents a processos normalitzats, on els coneixements te\u00f2rics i les capacitats pr\u00e0ctiques per aplicar s\u00f3n limitats.<\/span><\/li>\n<li style=\"font-weight: 400;\" aria-level=\"1\"><span style=\"font-weight: 400;\"><strong>Nivell 2:<\/strong> compet\u00e8ncia en un conjunt d\u2019activitats professionals ben determinades amb la capacitat d\u2019utilitzar i les t\u00e8cniques pr\u00f2pies, que concerneix principalment un treball d\u2019execuci\u00f3 que pot ser aut\u00f2nom en el l\u00edmit de les t\u00e8cniques esmentades. Requereix coneixements dels fonaments t\u00e8cnics i cient\u00edfics de la seva activitat i capacitats de comprensi\u00f3 i aplicaci\u00f3 del proc\u00e9s.<\/span><\/li>\n<li style=\"font-weight: 400;\" aria-level=\"1\"><span style=\"font-weight: 400;\">\u00a0<strong>Nivell 3:<\/strong> compet\u00e8ncia en un conjunt d\u2019activitats professionals que requereixen el domini de diverses t\u00e8cniques i pot ser executat de manera aut\u00f2noma, comporta responsabilitat de coordinaci\u00f3 i supervisi\u00f3 de treball t\u00e8cnic i especialitzat. Exigeix la comprensi\u00f3 dels fonaments t\u00e8cnics i cient\u00edfics de les activitats i l\u2019avaluaci\u00f3 dels factors del proc\u00e9s i de les seves repercussions econ\u00f2miques.<\/span><\/li>\n<li style=\"font-weight: 400;\" aria-level=\"1\"><span style=\"font-weight: 400;\"><strong>Nivell 4:<\/strong> compet\u00e8ncia en un ampli conjunt d\u2019activitats professionals complexes realitzades en una gran varietat de contexts que requereixen conjugar variables de tipus t\u00e8cnic, cient\u00edfic, econ\u00f2mic i organitzatiu per a planificar accions, definir o desenvolupar projectes, processos, productes o serveis.<\/span><\/li>\n<li style=\"font-weight: 400;\" aria-level=\"1\"><span style=\"font-weight: 400;\"><strong>Nivell 5:<\/strong> compet\u00e8ncia en un ampli conjunt d\u2019activitats professionals de gran complexitat realitzades en diversos contexts sovint imprevisibles que implica planificar accions o idear productes, processos o serveis. Gran autonomia personal. Responsabilitat freq\u00fcent en l\u2019assignaci\u00f3 de recursos, en l\u2019an\u00e0lisi, diagn\u00f2stic, disseny, planificaci\u00f3, execuci\u00f3 i avaluaci\u00f3.<\/span><\/li>\n<\/ul>\n<p><a id=\"apartat22\"><\/a><br \/>\n<br \/>\n<strong>2,2- Definici\u00f3 Unitat de compet\u00e8ncia\u00a0<\/strong><\/p>\n<p><span style=\"font-weight: 400;\">Unitat de compet\u00e8ncia \u00e9s el conjunt m\u00ednim de compet\u00e8ncies professionals, susceptible de reconeixement i acreditaci\u00f3 parcial. Cada unitat de compet\u00e8ncia t\u00e9 associat un m\u00f2dul formatiu, en el que es descriu la formaci\u00f3 m\u00ednima i de refer\u00e8ncia necess\u00e0ria per adquirir\/acreditar aquesta unitat de compet\u00e8ncia.<\/span><\/p>\n<p><span style=\"font-weight: 400;\">Les unitats de compet\u00e8ncia configuren les qualificacions professionals regulades pel Sistema Nacional de Qualificacions i Formaci\u00f3 Professional l\u2019Ag\u00e8ncia P\u00fablica de Formaci\u00f3 i Qualificaci\u00f3 Professionals de Catalunya i el sistema FPCAT.<\/span><\/p>\n<p><a id=\"apartat23\"><\/a><br \/>\n<br \/>\n<strong>2,3- Relaci\u00f3 de les unitats de compet\u00e8ncia amb m\u00f2duls formatius\u00a0<\/strong><\/p>\n<p><span style=\"font-weight: 400;\">A vegades ens confonem quan parlem de M\u00f2duls formatius i M\u00f2duls professionals.<\/span><\/p>\n<p><span style=\"font-weight: 400;\">Als cicles de grau mitj\u00e0 i superior els alumnes estudien els M\u00f2duls Professionals.\u00a0<\/span><\/p>\n<p><span style=\"font-weight: 400;\">Als certificats de Professionalitat els alumnes estudien els M\u00f2duls Formatius. El m\u00f2dul formatiu (MF) constitueix la unitat m\u00ednima de formaci\u00f3 professional acreditable per establir els ensenyaments conduents a obtenir els t\u00edtols de formaci\u00f3 professional i els certificats de professionalitat. Els m\u00f2duls formatius, associats a les unitats de compet\u00e8ncia, serveixen per organitzar la formaci\u00f3 associada a una qualificaci\u00f3 professional, de manera que es pugui adquirir mitjan\u00e7ant un proc\u00e9s d\u2019aprenentatge. Poden cursar-se de manera independent.<\/span><\/p>\n<p><b>Relaci\u00f3 entre les unitats de compet\u00e8ncia i els m\u00f2duls :<\/b><\/p>\n<p><span style=\"font-weight: 400;\">Les unitats de compet\u00e8ncia duen associats m\u00f2duls formatius o blocs coherents de formaci\u00f3 que descriuen la formaci\u00f3 necess\u00e0ria per a l\u2019adquisici\u00f3 de les capacitats descrites a la unitat de compet\u00e8ncia. Aquesta estructura permet al treballador o treballadora, l\u2019avaluaci\u00f3 i acreditaci\u00f3 de les unitats de compet\u00e8ncia obtingudes mitjan\u00e7ant la pr\u00e0ctica laboral o com a resultat d\u2019aprenentatges formals o no formals. Com que el reconeixement i acreditaci\u00f3 de les unitats de compet\u00e8ncia \u00e9s acumulable, \u00e9s possible acreditar-se en una determinada qualificaci\u00f3, un certificat de professionalitat en la seva totalitat, i en la major part dels cr\u00e8dits d\u2019un t\u00edtol de formaci\u00f3 professional.<\/span><\/p>\n<p><a href=\"https:\/\/projectes.xtec.cat\/integrafp\/wp-content\/uploads\/usu2419\/2022\/01\/dibujo-1.png\"><img loading=\"lazy\" decoding=\"async\" class=\"aligncenter wp-image-9455 size-full\" src=\"https:\/\/projectes.xtec.cat\/integrafp\/wp-content\/uploads\/usu2419\/2022\/01\/dibujo-1.png\" alt=\"\" width=\"743\" height=\"389\" srcset=\"https:\/\/projectes.xtec.cat\/integrafp\/wp-content\/uploads\/usu2419\/2022\/01\/dibujo-1.png 743w, https:\/\/projectes.xtec.cat\/integrafp\/wp-content\/uploads\/usu2419\/2022\/01\/dibujo-1-300x157.png 300w\" sizes=\"auto, (max-width: 743px) 100vw, 743px\" \/><\/a><\/p>\n<p>&nbsp;<\/p>\n<p><a id=\"apartat24\"><\/a><br \/>\n<br \/>\n<strong>2,4- Perfil professional<\/strong><\/p>\n<p><span style=\"font-weight: 400;\">Des del centre educatiu cal acompanyar a l\u2019alumnat en la recerca de la \u201cespecialitzaci\u00f3 professional\u201d.\u00a0 Una especialitzaci\u00f3 professional \u00e9s una ocupaci\u00f3 o grup d\u2019ocupacions, relacionades amb el perfil professional del t\u00edtol, amb la\/les qual\/s l\u2019alumne es pot realitzar professionalment i personalment, d\u2019acord amb les seves caracter\u00edstiques personals, interessos, i el domini d\u2019unes compet\u00e8ncies concretes. Aquesta especialitzaci\u00f3 professional ha de respondre a una demanda per part del mercat, i requerir\u00e0 que l\u2019alumnat desenvolupi estrat\u00e8gies d\u2019observaci\u00f3 i d\u2019an\u00e0lisi del sector, dels experts i de les necessitats de formaci\u00f3.<\/span><\/p>\n<p><span style=\"font-weight: 400;\">Alguns exemples d\u2019especialitzacions professionals poden ser:<\/span><\/p>\n<p><span style=\"font-weight: 400;\">&#8211; T\u00e8cnic\/t\u00e8cnica en manteniment i reparaci\u00f3 de teclats digitals<\/span><\/p>\n<p><span style=\"font-weight: 400;\">&#8211; Assessor\/a en nutrici\u00f3 esportiva; assessor\/a en nutrici\u00f3 vegetariana; assessor\/a en dietes<\/span><\/p>\n<p><span style=\"font-weight: 400;\">cetog\u00e8niques &#8230;<\/span><\/p>\n<p><span style=\"font-weight: 400;\">&#8211; Auditor\/a d\u2019efici\u00e8ncia energ\u00e8tica en edificis<\/span><\/p>\n<p><span style=\"font-weight: 400;\">&#8211; Comercial de productes espec\u00edfics (qu\u00edmics, automoci\u00f3, industrials, alimentaris&#8230;)<\/span><\/p>\n<p><span style=\"font-weight: 400;\">&#8211; Organitzador\/a de la comunitat online<\/span><\/p>\n<p><b>2,5- \u00c0mbits d\u2019ocupaci\u00f3\u00a0\u00a0<\/b><\/p>\n<p><span style=\"font-weight: 400;\">Cada certificat de professionalitat acredita una qualificaci\u00f3 professional del <\/span><a href=\"https:\/\/incual.educacion.gob.es\/bdc\"><span style=\"font-weight: 400;\">Cat\u00e0leg Nacional de Qualificacions Professionals<\/span><\/a><span style=\"font-weight: 400;\"> encara que, de manera excepcional, pot haver-hi certificats que acreditin nom\u00e9s una part de la qualificaci\u00f3.<\/span><\/p>\n<p><span style=\"font-weight: 400;\">El Cat\u00e0leg Nacional de Qualificacions Professionals (CNCP) \u00e9s l&#8217;instrument del Sistema Nacional de les Qualificacions i Formaci\u00f3 Professional (SNCFP) que ordena les qualificacions professionals susceptibles de reconeixement i acreditaci\u00f3, identificades al sistema productiu en funci\u00f3 de les compet\u00e8ncies apropiades per a l&#8217;exercici professional .<\/span><\/p>\n<p><span style=\"font-weight: 400;\">Compr\u00e8n les qualificacions professionals m\u00e9s significatives del sistema productiu espanyol, organitzades en fam\u00edlies professionals i nivells. Cada qualificaci\u00f3 \u00e9s formada per un bloc coherent d&#8217;unitats de compet\u00e8ncia.<\/span><\/p>\n<p><span style=\"font-weight: 400;\">Cada unitat de compet\u00e8ncia duu associat un M\u00f2dul amb especificacions de la formaci\u00f3, que constituir\u00e0 el referent per al disseny dels t\u00edtols de formaci\u00f3 professional del sistema educatiu, els certificats de professionalitat i altres formacions que contempli el sistema de formaci\u00f3 professional.<\/span><\/p>\n<p><span style=\"font-weight: 400;\">L&#8217;Institut Nacional de les Qualificacions \u00e9s el responsable de definir, elaborar i mantenir actualitzat el CNCP.<\/span><\/p>\n<p><span style=\"font-weight: 400;\">El llistat amb totes les qualificacions professionals, per fam\u00edlia professional i nivell es pot consultar a trav\u00e9s d\u2019aquest enlla\u00e7: <\/span><a href=\"https:\/\/aplicacions.gestioeducativa.gencat.cat\/e13_cfp_icqp\/gestioRepertoriQP.do?do=inici\"><span style=\"font-weight: 400;\">https:\/\/aplicacions.gestioeducativa.gencat.cat\/e13_cfp_icqp\/gestioRepertoriQP.do?do=inici<\/span><\/a><\/p>\n<p><span style=\"font-weight: 400;\">En total hi han 26 fam\u00edlies professionals, i 687 qualificacions professionals, segons informaci\u00f3 extreta a data de maig 2021.<\/span><\/p>\n<p><a href=\"https:\/\/projectes.xtec.cat\/integrafp\/wp-content\/uploads\/usu2419\/2022\/01\/families-professionals.png\"><img loading=\"lazy\" decoding=\"async\" class=\"aligncenter size-full wp-image-9456\" src=\"https:\/\/projectes.xtec.cat\/integrafp\/wp-content\/uploads\/usu2419\/2022\/01\/families-professionals.png\" alt=\"\" width=\"694\" height=\"821\" srcset=\"https:\/\/projectes.xtec.cat\/integrafp\/wp-content\/uploads\/usu2419\/2022\/01\/families-professionals.png 694w, https:\/\/projectes.xtec.cat\/integrafp\/wp-content\/uploads\/usu2419\/2022\/01\/families-professionals-254x300.png 254w\" sizes=\"auto, (max-width: 694px) 100vw, 694px\" \/><\/a><\/p>\n<p><b>2,7- Compet\u00e8ncies professionals: personals, socials i professionals\u00a0\u00a0<\/b><\/p>\n<p><span style=\"font-weight: 400;\">Les compet\u00e8ncies professionals s\u00f3n el conjunt integrat d&#8217;habilitats, coneixements i aptituds que es necessiten per a exercir una ocupaci\u00f3 espec\u00edfica o desenvolupar determinades activitats professionals.<\/span><\/p>\n<p><span style=\"font-weight: 400;\">Cada lloc de treball requereix unes compet\u00e8ncies diferents, per la qual cosa, depenent del teu objectiu professional, necessitar\u00e0s desenvolupar unes o d&#8217;altres. \u00c9s important que coneguis les compet\u00e8ncies que posseeixes i les que es requeriran en el lloc de treball desitjat per a identificar quines s\u00f3n les teves \u00e0rees de millora i buscar les millors opcions per a desenvolupar aquestes habilitats.<\/span><\/p>\n<p><span style=\"font-weight: 400;\">Quan parlem de compet\u00e8ncies professionals personals estar\u00edem definint totes les caracter\u00edstiques actitudinals\u00a0<\/span><\/p>\n<p><span style=\"font-weight: 400;\">Les compet\u00e8ncies professionals socials les enfoquen a com es relacionem amb els altres, com ens comuniquem amb els companys de feina com treballem en equip per aconseguir objectius i la nostra participaci\u00f3 i interacci\u00f3 amb els altres.<\/span><\/p>\n<p><span style=\"font-weight: 400;\">Les compet\u00e8ncies professionals estan relacionades amb l\u2019especialitat del lloc de treball, perfil professional,\u00a0 als coneixements te\u00f2rics i t\u00e8cnics espec\u00edfics necessaris per al desenvolupament d\u2019una determinada activi<\/span><span style=\"font-weight: 400;\">tat laboral.<\/span><\/p>\n<p><a href=\"https:\/\/projectes.xtec.cat\/integrafp\/general\/menu_inici\/\">P\u00e0gina anterior<\/a> &#8211; <a href=\"https:\/\/projectes.xtec.cat\/integrafp\/general\/inor-part-orientacio-professional\/\"><strong>P\u00e0gina seg\u00fcent -&gt; 3-Part d&#8217;orientaci\u00f3 professional<\/strong><\/a><\/p>\n","protected":false},"excerpt":{"rendered":"<p>Part comuna<br \/>\n<a id=\"apartat21\"><\/a><\/p>\n<p>2,1- Definici\u00f3 de Certificat de Professionalitat: nivells\u00a0<br \/>\nEl Certificat de Professionalitat \u00e9s el document oficial que acredita les compet\u00e8ncies professionals i garanteixen que la persona que l\u2019obt\u00e9 t\u00e9 els coneixements, les habilitats i les aptituds per desenvolupar una activitat laboral d\u2019acord amb les exig\u00e8ncies&hellip;  <a href=\"https:\/\/projectes.xtec.cat\/integrafp\/general\/inor-part-comuna\/\" title=\"Read Dossier Orientador Ocupacional\">Llegeix m\u00e9s\u00bb<\/a><\/p>\n","protected":false},"author":1,"featured_media":0,"comment_status":"closed","ping_status":"closed","sticky":false,"template":"","format":"standard","meta":{"_bbp_topic_count":0,"_bbp_reply_count":0,"_bbp_total_topic_count":0,"_bbp_total_reply_count":0,"_bbp_voice_count":0,"_bbp_anonymous_reply_count":0,"_bbp_topic_count_hidden":0,"_bbp_reply_count_hidden":0,"_bbp_forum_subforum_count":0,"footnotes":""},"categories":[1],"tags":[],"class_list":["post-9373","post","type-post","status-publish","format-standard","hentry","category-general"],"post_mailing_queue_ids":[],"_links":{"self":[{"href":"https:\/\/projectes.xtec.cat\/integrafp\/wp-json\/wp\/v2\/posts\/9373","targetHints":{"allow":["GET"]}}],"collection":[{"href":"https:\/\/projectes.xtec.cat\/integrafp\/wp-json\/wp\/v2\/posts"}],"about":[{"href":"https:\/\/projectes.xtec.cat\/integrafp\/wp-json\/wp\/v2\/types\/post"}],"author":[{"embeddable":true,"href":"https:\/\/projectes.xtec.cat\/integrafp\/wp-json\/wp\/v2\/users\/1"}],"replies":[{"embeddable":true,"href":"https:\/\/projectes.xtec.cat\/integrafp\/wp-json\/wp\/v2\/comments?post=9373"}],"version-history":[{"count":5,"href":"https:\/\/projectes.xtec.cat\/integrafp\/wp-json\/wp\/v2\/posts\/9373\/revisions"}],"predecessor-version":[{"id":9719,"href":"https:\/\/projectes.xtec.cat\/integrafp\/wp-json\/wp\/v2\/posts\/9373\/revisions\/9719"}],"wp:attachment":[{"href":"https:\/\/projectes.xtec.cat\/integrafp\/wp-json\/wp\/v2\/media?parent=9373"}],"wp:term":[{"taxonomy":"category","embeddable":true,"href":"https:\/\/projectes.xtec.cat\/integrafp\/wp-json\/wp\/v2\/categories?post=9373"},{"taxonomy":"post_tag","embeddable":true,"href":"https:\/\/projectes.xtec.cat\/integrafp\/wp-json\/wp\/v2\/tags?post=9373"}],"curies":[{"name":"wp","href":"https:\/\/api.w.org\/{rel}","templated":true}]}}