{"id":9376,"date":"2022-01-31T14:59:53","date_gmt":"2022-01-31T13:59:53","guid":{"rendered":"https:\/\/projectes.xtec.cat\/integrafp\/?p=9376"},"modified":"2022-03-07T13:58:17","modified_gmt":"2022-03-07T12:58:17","slug":"inor-part-orientacio-professional","status":"publish","type":"post","link":"https:\/\/projectes.xtec.cat\/integrafp\/general\/inor-part-orientacio-professional\/","title":{"rendered":"Dossier Orientador Ocupacional"},"content":{"rendered":"<p><b>3-Part Orientaci\u00f3 Professional\u00a0<\/b><\/p>\n<p><b>3,1- Exploraci\u00f3 de les pr\u00f2pies capacitats i compet\u00e8ncies<\/b><\/p>\n<p><span style=\"font-weight: 400;\">\u00a0Les empreses s\u2019estan adonant que \u00e9s important comptar amb professionals que no nom\u00e9s tinguin t\u00edtol, sin\u00f3 compet\u00e8ncies, com per exemple capacitat d\u2019adaptaci\u00f3; proactivitat i creativitat. Aquestes compet\u00e8ncies requereixen un aprenentatge constant. S\u00f3n compet\u00e8ncies per a la vida.<\/span><\/p>\n<p><span style=\"font-weight: 400;\">Actualment existeix un desajust entre les compet\u00e8ncies que tenen els professionals del mercat de treball i les compet\u00e8ncies que necessiten les empreses que en formen part, conforme aquestes van canviant i evolucionant.\u00a0<\/span><\/p>\n<p><span style=\"font-weight: 400;\">La Formaci\u00f3 ocupacional equilibra la relaci\u00f3 entre l&#8217;oferta laboral i la demanda del Mercat de Treball.<\/span><\/p>\n<p><span style=\"font-weight: 400;\">Les compet\u00e8ncies s\u00f3n les capacitats que possibiliten el bon acompliment d\u2019un lloc de treball.<\/span><\/p>\n<p><span style=\"font-weight: 400;\">\u00a0Es poden distingir diferents tipus de compet\u00e8ncies:<\/span><\/p>\n<ol>\n<li style=\"font-weight: 400;\" aria-level=\"1\"><span style=\"font-weight: 400;\"><strong>Les compet\u00e8ncies t\u00e8cniques:<\/strong> S\u00f3n el conjunt de coneixements te\u00f2rics o pr\u00e0ctics que s\u00f3n necessaris per l\u2019exercici d\u2019una ocupaci\u00f3 concreta. Aix\u00ed doncs, les compet\u00e8ncies t\u00e8cniques s\u2019aconsegueixen amb la formaci\u00f3 (reglada i complement\u00e0ria) i l\u2019experi\u00e8ncia professional. Sempre que vulguem canviar d\u2019ocupaci\u00f3 hem de revisar si els nostres coneixements i la nostra experi\u00e8ncia encaixen amb el perfil requerit pel nostre objectiu professional.<\/span><\/li>\n<li style=\"font-weight: 400;\" aria-level=\"1\"><span style=\"font-weight: 400;\"><strong>Les compet\u00e8ncies clau:<\/strong> S\u00f3n el conjunt d\u2019habilitats, actituds i capacitats que garanteixen el bon desenvolupament d\u2019una ocupaci\u00f3. Per tant, les compet\u00e8ncies clau es manifesten en comportaments concrets de la conducta. Alguns exemples de compet\u00e8ncies clau s\u00f3n: iniciativa, treball en equip, autoconfian\u00e7a, comunicaci\u00f3 i creativitat.<\/span><\/li>\n<\/ol>\n<p><span style=\"font-weight: 400;\">Les compet\u00e8ncies clau poden ser transversals a diverses ocupacions o espec\u00edfiques. Per\u00f2 en tot cas s\u00f3n imprescindibles per a portar a terme una ocupaci\u00f3 determinada.\u00a0 El model de gesti\u00f3 per compet\u00e8ncies \u00e9s actualment el model predominant en l\u2019\u00e0mbit de recursos humans. Implica la recerca del major grau d\u2019ajust possible entre les compet\u00e8ncies necess\u00e0ries per al desenvolupament amb \u00e8xit d\u2019un lloc de treball i les compet\u00e8ncies del treballador. Aix\u00ed doncs, ens conv\u00e9 con\u00e8ixer quin \u00e9s el nostre perfil de compet\u00e8ncies i valorar si encaixa amb les compet\u00e8ncies requerides per l\u2019ocupaci\u00f3 del nostre objectiu professional.\u00a0\u00a0<\/span><\/p>\n<p><span style=\"font-weight: 400;\">Podem millorar les nostres compet\u00e8ncies amb l&#8217;experi\u00e8ncia que acumulem al llarg de la nostra vida professional, o realitzant formacions espec\u00edfiques per al desenvolupament d\u2019una determinada compet\u00e8ncia.<\/span><\/p>\n<p><span style=\"font-weight: 400;\">\u00a0Hi ha diferents nivells de consolidaci\u00f3 per a cada compet\u00e8ncia. Aix\u00ed doncs, un nivell baix d\u2019una compet\u00e8ncia implicar\u00e0 conductes m\u00e9s senzilles que un nivell m\u00e9s avan\u00e7at de la mateixa compet\u00e8ncia.<\/span><\/p>\n<p><span style=\"font-weight: 400;\">Saps quines s\u00f3n les compet\u00e8ncies m\u00e9s demandades a l&#8217;actual mercat de treball? Coneixes les teves compet\u00e8ncies m\u00e9s destacades? Les compet\u00e8ncies clau s\u00f3n el valor afegit de tot\/a professional. A continuaci\u00f3 identifiquen un llistat amb les m\u00e9s rellevants:<\/span><\/p>\n<table align=\"center;\">\n<tbody>\n<tr>\n<td style=\"width: 100%; text-align: center;\"><b>Treball de les compet\u00e8ncies clau\/ transversals<\/b><\/td>\n<\/tr>\n<tr>\n<td style=\"width: 100%; text-align: center;\"><span style=\"font-weight: 400;\">Aprenentatge i utilitzaci\u00f3 de coneixements<\/span><\/td>\n<\/tr>\n<tr>\n<td style=\"width: 100%; text-align: center;\"><span style=\"font-weight: 400;\">Autoconfian\u00e7a<\/span><\/td>\n<\/tr>\n<tr>\n<td style=\"width: 100%; text-align: center;\"><span style=\"font-weight: 400;\">Autocontrol<\/span><\/td>\n<\/tr>\n<tr>\n<td style=\"width: 100%; text-align: center;\"><span style=\"font-weight: 400;\">Creativitat<\/span><\/td>\n<\/tr>\n<tr>\n<td style=\"width: 100%; text-align: center;\"><span style=\"font-weight: 400;\">Direcci\u00f3 de persones<\/span><\/td>\n<\/tr>\n<tr>\n<td style=\"width: 100%; text-align: center;\"><span style=\"font-weight: 400;\">Empatia<\/span><\/td>\n<\/tr>\n<tr>\n<td style=\"width: 100%; text-align: center;\"><span style=\"font-weight: 400;\">Flexibilitat i gesti\u00f3 del canvi<\/span><\/td>\n<\/tr>\n<tr>\n<td style=\"width: 100%; text-align: center;\"><span style=\"font-weight: 400;\">Iniciativa<\/span><\/td>\n<\/tr>\n<tr>\n<td style=\"width: 100%; text-align: center;\"><span style=\"font-weight: 400;\">Lideratge<\/span><\/td>\n<\/tr>\n<tr>\n<td style=\"width: 100%; text-align: center;\"><span style=\"font-weight: 400;\">Negociaci\u00f3<\/span><\/td>\n<\/tr>\n<tr>\n<td style=\"width: 100%; text-align: center;\"><span style=\"font-weight: 400;\">Comprom\u00eds amb l&#8217;organitzaci\u00f3<\/span><\/td>\n<\/tr>\n<tr>\n<td style=\"width: 100%; text-align: center;\"><span style=\"font-weight: 400;\">Comunicaci\u00f3<\/span><\/td>\n<\/tr>\n<tr>\n<td style=\"width: 100%; text-align: center;\"><span style=\"font-weight: 400;\">Networking<\/span><\/td>\n<\/tr>\n<tr>\n<td style=\"width: 100%; text-align: center;\"><span style=\"font-weight: 400;\">Orientaci\u00f3 a l&#8217;assoliment<\/span><\/td>\n<\/tr>\n<tr>\n<td style=\"width: 100%; text-align: center;\"><span style=\"font-weight: 400;\">Orientaci\u00f3 al client<\/span><\/td>\n<\/tr>\n<tr>\n<td style=\"width: 100%; text-align: center;\"><span style=\"font-weight: 400;\">Orientaci\u00f3 estrat\u00e8gica<\/span><\/td>\n<\/tr>\n<tr>\n<td style=\"width: 100%; text-align: center;\"><span style=\"font-weight: 400;\">Pensament anal\u00edtic<\/span><\/td>\n<\/tr>\n<tr>\n<td style=\"width: 100%; text-align: center;\"><span style=\"font-weight: 400;\">Pensament conceptual<\/span><\/td>\n<\/tr>\n<tr>\n<td style=\"width: 100%; text-align: center;\"><span style=\"font-weight: 400;\">Planificaci\u00f3 i organitzaci\u00f3<\/span><\/td>\n<\/tr>\n<tr>\n<td style=\"width: 100%; text-align: center;\"><span style=\"font-weight: 400;\">Preocupaci\u00f3 per l&#8217;ordre i la qualitat<\/span><\/td>\n<\/tr>\n<tr>\n<td style=\"width: 100%; text-align: center;\"><span style=\"font-weight: 400;\">Treball en equip i cooperaci\u00f3<\/span><\/td>\n<\/tr>\n<\/tbody>\n<\/table>\n<p><b>3,2- Estudi de la demanda de l\u2019ocupaci\u00f3<\/b><\/p>\n<p><span style=\"font-weight: 400;\">La demanda d\u2019ocupaci\u00f3 \u00e9s la sol\u00b7licitud d&#8217;un lloc de treball que realitza un treballador, aturat o no, registrat a les oficines del Servei P\u00fablic d&#8217;Ocupaci\u00f3 de Catalunya.<\/span><\/p>\n<p><span style=\"font-weight: 400;\">Actualment est\u00e0 evidenciat un gap molt gran entre les necessitats professionals i les demandes de les empreses. N\u2019hi han diverses causes com poden ser l\u2019automatitzaci\u00f3 i la transformaci\u00f3 digital que estan afavorint un canvi en la demanda de perfils professionals.\u00a0<\/span><\/p>\n<p><span style=\"font-weight: 400;\">La demanda ocupacional est\u00e0 afectada per diversos factors com poden ser: sexe, edat, sectors econ\u00f2mics, \u00e0mbits territorials:<\/span><\/p>\n<p><em><span style=\"font-weight: 400;\">Font:Demandes d&#8217;ocupaci\u00f3 Atur registrat Contractaci\u00f3 laboral Dades de desembre de 2021<\/span><\/em><\/p>\n<ul>\n<li><b>3,3 &#8211; Diferents possibilitats acad\u00e8miques<\/b><\/li>\n<li><span style=\"font-weight: 400;\">Has acabat els estudis i busques la teva primera feina?<\/span><\/li>\n<li><span style=\"font-weight: 400;\">Saps de qu\u00e8 vols treballar? Coneixes quines sortides professionals poden ser-te m\u00e9s interessants? Entendre quins s\u00f3n els teus interessos i les teves aptituds i saber com s\u2019emmarquen en el mercat de treball possibilita l\u2019elecci\u00f3 d\u2019un bon objectiu professional.<\/span><\/li>\n<li><span style=\"font-weight: 400;\">\u00a0Busques canviar d\u2019\u00e0mbit professional?<\/span><\/li>\n<li><span style=\"font-weight: 400;\">Tens clar els teus objectius? Necessites con\u00e8ixer quines s\u00f3n les compet\u00e8ncies que has\u00a0<\/span><span style=\"font-weight: 400;\">desenvolupat i podries aplicar en un nou \u00e0mbit professional? Clarificar els objectius i prendre\u00a0<\/span><span style=\"font-weight: 400;\">consci\u00e8ncia de quines s\u00f3n les compet\u00e8ncies i el \u201cknow how\u201d qu\u00e8 pots aplicar en nous horitzons\u00a0<\/span><span style=\"font-weight: 400;\">professionals permet emprendre els processos de re-orientaci\u00f3 amb majors possibilitats d\u2019\u00e8xit.<\/span><\/li>\n<li><span style=\"font-weight: 400;\">\u00a0Busques cr\u00e9ixer professionalment?<\/span><\/li>\n<li><span style=\"font-weight: 400;\">Un balan\u00e7 de compet\u00e8ncies i un an\u00e0lisi de quins s\u00f3n els teus valors i motivacions permet veure si ha arribat el moment de plantejar-se una millora professional.<\/span><\/li>\n<\/ul>\n<p><strong>\u00a0T\u2019has quedat a l\u2019atur?<\/strong><\/p>\n<p><span style=\"font-weight: 400;\">En general, qualsevol moment de transici\u00f3 professional implica la necessitat de realitzar un balan\u00e7 professional. Et ve de gust fer alguna cosa diferent o vols continuar fent el mateix que fins ara? Algunes de les opcions que tens present s\u00f3n:<\/span><\/p>\n<p>&nbsp;<\/p>\n<table style=\"width: 100%;\">\n<tbody>\n<tr>\n<td style=\"width: 26.4041%;\"><strong>Continuaci\u00f3 certificat de professionalitat nivell 2 i 3<\/strong><\/td>\n<td style=\"width: 73.0124%;\"><span style=\"font-weight: 400;\">Amb la superaci\u00f3 d\u2019un certificat de nivell 1 de la mateixa fam\u00edlia i \u00e0rea professional es pot accedir a estudiar un nivell 2.<\/span><\/p>\n<p><span style=\"font-weight: 400;\">Amb la superaci\u00f3 d\u2019un certificat de nivell 2 d\u2019una mateixa fam\u00edlia i \u00e0rea professional es pot accedir a estudiar un nivell 3<\/span><\/td>\n<\/tr>\n<tr>\n<td style=\"width: 26.4041%;\"><strong>Continuaci\u00f3 dels estudis en un CFGM\u00a0<\/strong><\/td>\n<td style=\"width: 73.0124%;\" rowspan=\"2\"><span style=\"font-weight: 400;\">Tenir els requisits d\u2019acc\u00e9s. Consultar la correspond\u00e8ncia de les unitats de compet\u00e8ncia amb els m\u00f2duls professionals que formen part del curr\u00edculum del cicle formatiu per a la convalidaci\u00f3.<\/span><\/td>\n<\/tr>\n<tr>\n<td style=\"width: 26.4041%;\"><strong>Continuaci\u00f3 dels estudis en un CFGS<\/strong><\/td>\n<\/tr>\n<\/tbody>\n<\/table>\n<p><strong>\u00a0 <a href=\"https:\/\/projectes.xtec.cat\/integrafp\/general\/inor-part-comuna\/\">\u00a0P\u00e0gina anterior<\/a>\u00a0 &#8211;\u00a0 \u00a0<a href=\"https:\/\/projectes.xtec.cat\/integrafp\/general\/inor-part-orientacio-laboral\/\"> P\u00e0gina seg\u00fcent -&gt; 4-Part orientaci\u00f3 laboral<\/a><\/strong><\/p>\n","protected":false},"excerpt":{"rendered":"<p>3-Part Orientaci\u00f3 Professional\u00a0<br \/>\n3,1- Exploraci\u00f3 de les pr\u00f2pies capacitats i compet\u00e8ncies<br \/>\n\u00a0Les empreses s\u2019estan adonant que \u00e9s important comptar amb professionals que no nom\u00e9s tinguin t\u00edtol, sin\u00f3 compet\u00e8ncies, com per exemple capacitat d\u2019adaptaci\u00f3; proactivitat i creativitat. Aquestes compet\u00e8ncies requereixen un aprenentatge constant. S\u00f3n compet\u00e8ncies per a la&hellip;  <a href=\"https:\/\/projectes.xtec.cat\/integrafp\/general\/inor-part-orientacio-professional\/\" title=\"Read Dossier Orientador Ocupacional\">Llegeix m\u00e9s\u00bb<\/a><\/p>\n","protected":false},"author":1,"featured_media":0,"comment_status":"closed","ping_status":"closed","sticky":false,"template":"","format":"standard","meta":{"_bbp_topic_count":0,"_bbp_reply_count":0,"_bbp_total_topic_count":0,"_bbp_total_reply_count":0,"_bbp_voice_count":0,"_bbp_anonymous_reply_count":0,"_bbp_topic_count_hidden":0,"_bbp_reply_count_hidden":0,"_bbp_forum_subforum_count":0,"footnotes":""},"categories":[1],"tags":[],"class_list":["post-9376","post","type-post","status-publish","format-standard","hentry","category-general"],"post_mailing_queue_ids":[],"_links":{"self":[{"href":"https:\/\/projectes.xtec.cat\/integrafp\/wp-json\/wp\/v2\/posts\/9376","targetHints":{"allow":["GET"]}}],"collection":[{"href":"https:\/\/projectes.xtec.cat\/integrafp\/wp-json\/wp\/v2\/posts"}],"about":[{"href":"https:\/\/projectes.xtec.cat\/integrafp\/wp-json\/wp\/v2\/types\/post"}],"author":[{"embeddable":true,"href":"https:\/\/projectes.xtec.cat\/integrafp\/wp-json\/wp\/v2\/users\/1"}],"replies":[{"embeddable":true,"href":"https:\/\/projectes.xtec.cat\/integrafp\/wp-json\/wp\/v2\/comments?post=9376"}],"version-history":[{"count":3,"href":"https:\/\/projectes.xtec.cat\/integrafp\/wp-json\/wp\/v2\/posts\/9376\/revisions"}],"predecessor-version":[{"id":9490,"href":"https:\/\/projectes.xtec.cat\/integrafp\/wp-json\/wp\/v2\/posts\/9376\/revisions\/9490"}],"wp:attachment":[{"href":"https:\/\/projectes.xtec.cat\/integrafp\/wp-json\/wp\/v2\/media?parent=9376"}],"wp:term":[{"taxonomy":"category","embeddable":true,"href":"https:\/\/projectes.xtec.cat\/integrafp\/wp-json\/wp\/v2\/categories?post=9376"},{"taxonomy":"post_tag","embeddable":true,"href":"https:\/\/projectes.xtec.cat\/integrafp\/wp-json\/wp\/v2\/tags?post=9376"}],"curies":[{"name":"wp","href":"https:\/\/api.w.org\/{rel}","templated":true}]}}