{"id":9396,"date":"2022-02-15T08:39:01","date_gmt":"2022-02-15T07:39:01","guid":{"rendered":"https:\/\/projectes.xtec.cat\/integrafp\/?p=9396"},"modified":"2022-04-27T10:31:08","modified_gmt":"2022-04-27T08:31:08","slug":"ins-jaume-huguet-certificat-de-professionalitat-muntatge-i-manteniment-dinstallacions-electriques-de-baixa-tensio","status":"publish","type":"post","link":"https:\/\/projectes.xtec.cat\/integrafp\/general\/ins-jaume-huguet-certificat-de-professionalitat-muntatge-i-manteniment-dinstallacions-electriques-de-baixa-tensio\/","title":{"rendered":"INS Jaume Huguet: Certificat de Professionalitat Muntatge i manteniment d&#8217;instal\u00b7lacions el\u00e8ctriques de baixa tensi\u00f3"},"content":{"rendered":"<div>\n<p align=\"justify\">El Certificat de Professionalitat que s&#8217;imparteix des del Servei d&#8217;Ocupaci\u00f3 de Catalunya a l\u2019Institut Jaume Huguet de Valls &#8220;<em>Muntatge i manteniment d&#8217;instal\u00b7lacions el\u00e8ctriques de baixa tensi\u00f3&#8221; <\/em>condueix al carnet d&#8217;instal\u00b7lador. D&#8217;aquesta manera millorem l&#8217;ocupabilitat de les persones aturades que el cursen, doncs compta amb una alta inserci\u00f3 laboral a la comarca de l&#8217;Alt Camp en particular i a Catalunya en general.<\/p>\n<p align=\"justify\">Amb aquest certificat, els alumnes cursen sis m\u00f2duls professionals que els acrediten com a t\u00e8cnics per a muntar, mantenir i reparar instal\u00b7lacions el\u00e8ctriques de baixa tensi\u00f3 compreses en l&#8217;\u00e0mbit del Reglament Electrot\u00e8cnic per a baixa tensi\u00f3.<\/p>\n<\/div>\n<p align=\"justify\">Els alumnes que finalitzen el curs, poden desenvolupar la seva activitat professional en petites i mitjanes empreses, majorit\u00e0riament privades, per compte propi o ali\u00e8, en les \u00e0rees de muntatge i manteniment d&#8217;instal3lacions el\u00e8ctriques de baixa tensi\u00f3 (BT), estant regulada l&#8217;activitat pel Reglament Electrot\u00e8cnica de Baixa Tensi\u00f3.<\/p>\n<div>\n<p><a href=\"https:\/\/projectes.xtec.cat\/integrafp\/wp-content\/uploads\/usu2419\/2022\/02\/Fotos-SOC-2022.jpg\"><img loading=\"lazy\" decoding=\"async\" class=\"alignnone size-large wp-image-9397\" src=\"https:\/\/projectes.xtec.cat\/integrafp\/wp-content\/uploads\/usu2419\/2022\/02\/Fotos-SOC-2022-1024x764.jpg\" alt=\"\" width=\"1024\" height=\"764\" srcset=\"https:\/\/projectes.xtec.cat\/integrafp\/wp-content\/uploads\/usu2419\/2022\/02\/Fotos-SOC-2022-1024x764.jpg 1024w, https:\/\/projectes.xtec.cat\/integrafp\/wp-content\/uploads\/usu2419\/2022\/02\/Fotos-SOC-2022-300x224.jpg 300w, https:\/\/projectes.xtec.cat\/integrafp\/wp-content\/uploads\/usu2419\/2022\/02\/Fotos-SOC-2022-768x573.jpg 768w, https:\/\/projectes.xtec.cat\/integrafp\/wp-content\/uploads\/usu2419\/2022\/02\/Fotos-SOC-2022-200x150.jpg 200w, https:\/\/projectes.xtec.cat\/integrafp\/wp-content\/uploads\/usu2419\/2022\/02\/Fotos-SOC-2022.jpg 1238w\" sizes=\"auto, (max-width: 1024px) 100vw, 1024px\" \/><\/a><\/p>\n<\/div>\n","protected":false},"excerpt":{"rendered":"<p>El Certificat de Professionalitat que s&#8217;imparteix des del Servei d&#8217;Ocupaci\u00f3 de Catalunya a l\u2019Institut Jaume Huguet de Valls &#8220;Muntatge i manteniment d&#8217;instal\u00b7lacions el\u00e8ctriques de baixa tensi\u00f3&#8221; condueix al carnet d&#8217;instal\u00b7lador. D&#8217;aquesta manera millorem l&#8217;ocupabilitat de les persones aturades que el cursen, doncs compta amb una&hellip;  <a href=\"https:\/\/projectes.xtec.cat\/integrafp\/general\/ins-jaume-huguet-certificat-de-professionalitat-muntatge-i-manteniment-dinstallacions-electriques-de-baixa-tensio\/\" title=\"Read INS Jaume Huguet: Certificat de Professionalitat Muntatge i manteniment d&#8217;instal\u00b7lacions el\u00e8ctriques de baixa tensi\u00f3\">Llegeix m\u00e9s\u00bb<\/a><\/p>\n","protected":false},"author":45,"featured_media":9397,"comment_status":"open","ping_status":"closed","sticky":false,"template":"","format":"standard","meta":{"_bbp_topic_count":0,"_bbp_reply_count":0,"_bbp_total_topic_count":0,"_bbp_total_reply_count":0,"_bbp_voice_count":0,"_bbp_anonymous_reply_count":0,"_bbp_topic_count_hidden":0,"_bbp_reply_count_hidden":0,"_bbp_forum_subforum_count":0,"footnotes":""},"categories":[154,1,29],"tags":[307,299],"class_list":["post-9396","post","type-post","status-publish","format-standard","has-post-thumbnail","hentry","category-formacio","category-general","category-portada","tag-electricitat-i-electronica","tag-provincia-tarragona"],"post_mailing_queue_ids":[],"_links":{"self":[{"href":"https:\/\/projectes.xtec.cat\/integrafp\/wp-json\/wp\/v2\/posts\/9396","targetHints":{"allow":["GET"]}}],"collection":[{"href":"https:\/\/projectes.xtec.cat\/integrafp\/wp-json\/wp\/v2\/posts"}],"about":[{"href":"https:\/\/projectes.xtec.cat\/integrafp\/wp-json\/wp\/v2\/types\/post"}],"author":[{"embeddable":true,"href":"https:\/\/projectes.xtec.cat\/integrafp\/wp-json\/wp\/v2\/users\/45"}],"replies":[{"embeddable":true,"href":"https:\/\/projectes.xtec.cat\/integrafp\/wp-json\/wp\/v2\/comments?post=9396"}],"version-history":[{"count":3,"href":"https:\/\/projectes.xtec.cat\/integrafp\/wp-json\/wp\/v2\/posts\/9396\/revisions"}],"predecessor-version":[{"id":9423,"href":"https:\/\/projectes.xtec.cat\/integrafp\/wp-json\/wp\/v2\/posts\/9396\/revisions\/9423"}],"wp:featuredmedia":[{"embeddable":true,"href":"https:\/\/projectes.xtec.cat\/integrafp\/wp-json\/wp\/v2\/media\/9397"}],"wp:attachment":[{"href":"https:\/\/projectes.xtec.cat\/integrafp\/wp-json\/wp\/v2\/media?parent=9396"}],"wp:term":[{"taxonomy":"category","embeddable":true,"href":"https:\/\/projectes.xtec.cat\/integrafp\/wp-json\/wp\/v2\/categories?post=9396"},{"taxonomy":"post_tag","embeddable":true,"href":"https:\/\/projectes.xtec.cat\/integrafp\/wp-json\/wp\/v2\/tags?post=9396"}],"curies":[{"name":"wp","href":"https:\/\/api.w.org\/{rel}","templated":true}]}}