{"id":9515,"date":"2022-03-10T09:54:05","date_gmt":"2022-03-10T08:54:05","guid":{"rendered":"https:\/\/projectes.xtec.cat\/integrafp\/?p=9515"},"modified":"2022-03-10T10:43:17","modified_gmt":"2022-03-10T09:43:17","slug":"mapa-de-recursos","status":"publish","type":"post","link":"https:\/\/projectes.xtec.cat\/integrafp\/general\/mapa-de-recursos\/","title":{"rendered":"Mapa de recursos"},"content":{"rendered":"<p><b>Recursos per a l\u2019orientaci\u00f3 en l\u2019\u00e0mbit laboral:<\/b><\/p>\n<p><a href=\"https:\/\/www.edubcn.cat\/ca\/centres_serveis_educatius\/servei_orientacio\/accions_i_recusos_de_suport\/projecte_vida_professional\"><span style=\"font-weight: 400;\">Projecte de vida professional<\/span><\/a><\/p>\n<p><a href=\"http:\/\/www.oficinadetreball.cat\/socweb\/export\/sites\/default\/socweb_ca\/ciutadans\/orientacioTrobarFeina\/queVullFer.html\"><span style=\"font-weight: 400;\">Servei d\u2019ocupaci\u00f3 catal\u00e0<\/span><\/a><\/p>\n<p><a href=\"http:\/\/www.barcelonactiva.cat\/barcelonactiva\/cat\/\"><span style=\"font-weight: 400;\">Barcelona activa<\/span><\/a><\/p>\n<p>&nbsp;<\/p>\n<p><b>La formaci\u00f3 de persones adultes<\/b><\/p>\n<ul>\n<li style=\"font-weight: 400;\" aria-level=\"1\"><span style=\"font-weight: 400;\">Carta a qui ha d\u2019ensenyar persones adultes o joves<\/span><\/li>\n<\/ul>\n<p><a href=\"http:\/\/diposit.ub.edu\/dspace\/bitstream\/2445\/21263\/10\/EC1.pdf\"><span style=\"font-weight: 400;\">http:\/\/diposit.ub.edu\/dspace\/bitstream\/2445\/21263\/10\/EC1.pdf<\/span><\/a><\/p>\n<p>&nbsp;<\/p>\n<p><b>Recursos per a l\u2019orientaci\u00f3 acad\u00e8mica<\/b><\/p>\n<ul>\n<li style=\"font-weight: 400;\" aria-level=\"1\"><span style=\"font-weight: 400;\">Portal <\/span><i><span style=\"font-weight: 400;\">Estudiar a Catalunya.<\/span><\/i><\/li>\n<\/ul>\n<p><a href=\"http:\/\/www20.gencat.cat\/portal\/site\/queestudiar\/?newLang=ca_ES\"><span style=\"font-weight: 400;\">http:\/\/www20.gencat.cat\/portal\/site\/queestudiar\/?newLang=ca_ES<\/span><\/a><\/p>\n<p>&nbsp;<\/p>\n<ul>\n<li style=\"font-weight: 400;\" aria-level=\"1\"><span style=\"font-weight: 400;\">Portal <\/span><i><span style=\"font-weight: 400;\">Estudiar a Catalunya. <\/span><\/i><span style=\"font-weight: 400;\">Q\u00fcestionari.<\/span><\/li>\n<\/ul>\n<p><a href=\"http:\/\/www20.gencat.cat\/portal\/site\/queestudiar\/menuitem.3e179a2cdc20a269e85c7273b0c0e1a0\/?vgnextoid=08acc2a92a8f3310VgnVCM1000008d0c1e0aRCRD&amp;vgnextchannel=08acc2a92a8f3310VgnVCM1000008d0c1e0aRCRD&amp;vgnextfmt=default\"><span style=\"font-weight: 400;\">http:\/\/www20.gencat.cat\/portal\/site\/queestudiar\/menuitem.3e179a2cdc20a269e85c7273b0c0e1a0\/?vgnextoid=08acc2a92a8f3310VgnVCM1000008d0c1e0aRCRD&amp;vgnextchannel=08acc2a92a8f3310VgnVCM1000008d0c1e0aRCRD&amp;vgnextfmt=default<\/span><\/a><\/p>\n<p>&nbsp;<\/p>\n<p><strong>Guia d&#8217;orientaci\u00f3 Professional acad\u00e8mica<\/strong><\/p>\n<p><a href=\"http:\/\/xtec.gencat.cat\/web\/.content\/curriculum\/professionals\/fp\/accio-tutorial-i-orientacio\/banc-de-recursos\/151123_Guia_OPC_catala.pdf\">http:\/\/xtec.gencat.cat\/web\/.content\/curriculum\/professionals\/fp\/accio-tutorial-i-orientacio\/banc-de-recursos\/151123_Guia_OPC_catala.pdf<\/a><\/p>\n<p>&nbsp;<\/p>\n<p><strong>Recursos per la selecci\u00f3 i entrevistes de treball<\/strong><\/p>\n<ul>\n<li>El proc\u00e9s de selecci\u00f3 de personal<\/li>\n<\/ul>\n<p><a href=\"https:\/\/www.educaweb.cat\/continguts\/laborals\/proces-seleccio-personal\/\">https:\/\/www.educaweb.cat\/continguts\/laborals\/proces-seleccio-personal\/<\/a><\/p>\n<ul>\n<li>Fases del proc\u00e9s de selecci\u00f3 de personal<\/li>\n<\/ul>\n<p><a href=\"https:\/\/www.educaweb.cat\/continguts\/laborals\/proces-seleccio-personal\/fases-proces-seleccio\/\">https:\/\/www.educaweb.cat\/continguts\/laborals\/proces-seleccio-personal\/fases-proces-seleccio\/<\/a><\/p>\n<ul>\n<li>Claus per superar amb \u00e8xit el proc\u00e9s de selecci\u00f3 de personal<\/li>\n<\/ul>\n<p><a href=\"https:\/\/www.educaweb.cat\/continguts\/laborals\/proces-seleccio-personal\/claus-superar-exit-proces-seleccio\/\">https:\/\/www.educaweb.cat\/continguts\/laborals\/proces-seleccio-personal\/claus-superar-exit-proces-seleccio\/<\/a><\/p>\n<ul>\n<li>L&#8217;entrevista de feina<\/li>\n<\/ul>\n<p><a href=\"https:\/\/serveiocupacio.gencat.cat\/ca\/cercar-feina\/eines-i-recursos\/lentrevista\/index.html\">https:\/\/serveiocupacio.gencat.cat\/ca\/cercar-feina\/eines-i-recursos\/lentrevista\/index.html<\/a><\/p>\n<p><a href=\"https:\/\/www.educaweb.cat\/continguts\/laborals\/proces-seleccio-personal\/entrevista-feina\/\">https:\/\/www.educaweb.cat\/continguts\/laborals\/proces-seleccio-personal\/entrevista-feina\/<\/a><\/p>\n<ul>\n<li>Proves de selecci\u00f3 de personal<\/li>\n<\/ul>\n<p><a href=\"https:\/\/www.educaweb.cat\/continguts\/laborals\/proces-seleccio-personal\/proves-seleccio-laboral\/\">https:\/\/www.educaweb.cat\/continguts\/laborals\/proces-seleccio-personal\/proves-seleccio-laboral\/<\/a><\/p>\n<p><a href=\"https:\/\/projectes.xtec.cat\/integrafp\/general\/inor-part-orientacio-laboral\/\">P\u00e0gina anterior<\/a> &#8211;<a href=\"https:\/\/projectes.xtec.cat\/integrafp\/general\/dossier-orientador-alumnat-curs-certificat-de-professionalitat\/\"> P\u00e0gina seg\u00fcent <\/a><a href=\"https:\/\/projectes.xtec.cat\/integrafp\/general\/dossier-orientador-alumnat-curs-certificat-de-professionalitat\/\">Omplir <b>Dossier Orientador- alumnat Curs Certificat de professionalitat<\/b><\/a><\/p>\n","protected":false},"excerpt":{"rendered":"<p>Recursos per a l\u2019orientaci\u00f3 en l\u2019\u00e0mbit laboral:<br \/>\n<a href=\"https:\/\/www.edubcn.cat\/ca\/centres_serveis_educatius\/servei_orientacio\/accions_i_recusos_de_suport\/projecte_vida_professional\">Projecte de vida professional<\/a><br \/>\n<a href=\"http:\/\/www.oficinadetreball.cat\/socweb\/export\/sites\/default\/socweb_ca\/ciutadans\/orientacioTrobarFeina\/queVullFer.html\">Servei d\u2019ocupaci\u00f3 catal\u00e0<\/a><br \/>\n<a href=\"http:\/\/www.barcelonactiva.cat\/barcelonactiva\/cat\/\">Barcelona activa<\/a><br \/>\n&nbsp;<br \/>\nLa formaci\u00f3 de persones adultes<\/p>\n<ul>\n<li style=\"font-weight: 400;\" aria-level=\"1\">Carta a qui ha d\u2019ensenyar persones adultes o joves<\/li>\n<\/ul>\n<p><a href=\"http:\/\/diposit.ub.edu\/dspace\/bitstream\/2445\/21263\/10\/EC1.pdf\">http:\/\/diposit.ub.edu\/dspace\/bitstream\/2445\/21263\/10\/EC1.pdf<\/a><br \/>\n&nbsp;<br \/>\nRecursos per a l\u2019orientaci\u00f3 acad\u00e8mica<\/p>\n<ul>\n<li style=\"font-weight: 400;\" aria-level=\"1\">Portal Estudiar a Catalunya.<\/li>\n<\/ul>\n<p><a href=\"http:\/\/www20.gencat.cat\/portal\/site\/queestudiar\/?newLang=ca_ES\">http:\/\/www20.gencat.cat\/portal\/site\/queestudiar\/?newLang=ca_ES<\/a><br \/>\n&nbsp;<\/p>\n<ul>\n<li style=\"font-weight: 400;\"&hellip;  <a href=\"https:\/\/projectes.xtec.cat\/integrafp\/general\/mapa-de-recursos\/\" title=\"Read Mapa de recursos\">Llegeix m\u00e9s\u00bb<\/a><br \/>\n","protected":false},"author":4,"featured_media":0,"comment_status":"closed","ping_status":"closed","sticky":false,"template":"","format":"standard","meta":{"_bbp_topic_count":0,"_bbp_reply_count":0,"_bbp_total_topic_count":0,"_bbp_total_reply_count":0,"_bbp_voice_count":0,"_bbp_anonymous_reply_count":0,"_bbp_topic_count_hidden":0,"_bbp_reply_count_hidden":0,"_bbp_forum_subforum_count":0,"footnotes":""},"categories":[1],"tags":[],"class_list":["post-9515","post","type-post","status-publish","format-standard","hentry","category-general"],"post_mailing_queue_ids":[],"_links":{"self":[{"href":"https:\/\/projectes.xtec.cat\/integrafp\/wp-json\/wp\/v2\/posts\/9515","targetHints":{"allow":["GET"]}}],"collection":[{"href":"https:\/\/projectes.xtec.cat\/integrafp\/wp-json\/wp\/v2\/posts"}],"about":[{"href":"https:\/\/projectes.xtec.cat\/integrafp\/wp-json\/wp\/v2\/types\/post"}],"author":[{"embeddable":true,"href":"https:\/\/projectes.xtec.cat\/integrafp\/wp-json\/wp\/v2\/users\/4"}],"replies":[{"embeddable":true,"href":"https:\/\/projectes.xtec.cat\/integrafp\/wp-json\/wp\/v2\/comments?post=9515"}],"version-history":[{"count":4,"href":"https:\/\/projectes.xtec.cat\/integrafp\/wp-json\/wp\/v2\/posts\/9515\/revisions"}],"predecessor-version":[{"id":9524,"href":"https:\/\/projectes.xtec.cat\/integrafp\/wp-json\/wp\/v2\/posts\/9515\/revisions\/9524"}],"wp:attachment":[{"href":"https:\/\/projectes.xtec.cat\/integrafp\/wp-json\/wp\/v2\/media?parent=9515"}],"wp:term":[{"taxonomy":"category","embeddable":true,"href":"https:\/\/projectes.xtec.cat\/integrafp\/wp-json\/wp\/v2\/categories?post=9515"},{"taxonomy":"post_tag","embeddable":true,"href":"https:\/\/projectes.xtec.cat\/integrafp\/wp-json\/wp\/v2\/tags?post=9515"}],"curies":[{"name":"wp","href":"https:\/\/api.w.org\/{rel}","templated":true}]}}