{"id":9554,"date":"2022-03-14T13:42:44","date_gmt":"2022-03-14T12:42:44","guid":{"rendered":"https:\/\/projectes.xtec.cat\/integrafp\/?p=9554"},"modified":"2022-04-27T10:34:41","modified_gmt":"2022-04-27T08:34:41","slug":"ins-de-lebre-inicia-el-cp-de-muntatge-i-manteniment-dinstallacions-solars-fotovoltaiques","status":"publish","type":"post","link":"https:\/\/projectes.xtec.cat\/integrafp\/general\/ins-de-lebre-inicia-el-cp-de-muntatge-i-manteniment-dinstallacions-solars-fotovoltaiques\/","title":{"rendered":"INS de l\u2019Ebre: inicia el CP de Muntatge i manteniment d\u2019instal\u00b7lacions solars fotovoltaiques"},"content":{"rendered":"<p><span style=\"font-weight: 400;\">L\u2019Institut de l\u2019Ebre va iniciar el passat dijous 20 de gener de 2022 el curs de certificat de professionalitat \u201cMuntatge i manteniment d\u2019instal\u00b7lacions solars fotovoltaiques\u201d que finalitzar\u00e0 el proper mes de juny. El curs, iniciat amb 15 alumnes, t\u00e9 una durada de 540 hores que es reparteixen de la seg\u00fcent manera: Replantejament d\u2019instal\u00b7lacions solars fotovoltaiques (150 hores), Muntatge d\u2019instal\u00b7lacions solars fotovoltaiques (210 hores), Manteniment d&#8217;instal\u00b7lacions solars fotovoltaiques (60 hores) i un m\u00f2dul de pr\u00e0ctiques professionals no laborals en empreses del sector. El curs tamb\u00e9 inclou una formaci\u00f3 complement\u00e0ria sobre inserci\u00f3 laboral, sensibilitzaci\u00f3 mediambiental i en igualtat de g\u00e8nere.<\/span><\/p>\n<p><a href=\"https:\/\/projectes.xtec.cat\/integrafp\/wp-content\/uploads\/usu2419\/2022\/03\/inici_cp.jpg\"><img loading=\"lazy\" decoding=\"async\" class=\"alignnone size-large wp-image-9555\" src=\"https:\/\/projectes.xtec.cat\/integrafp\/wp-content\/uploads\/usu2419\/2022\/03\/inici_cp-1024x724.jpg\" alt=\"\" width=\"1024\" height=\"724\" srcset=\"https:\/\/projectes.xtec.cat\/integrafp\/wp-content\/uploads\/usu2419\/2022\/03\/inici_cp-1024x724.jpg 1024w, https:\/\/projectes.xtec.cat\/integrafp\/wp-content\/uploads\/usu2419\/2022\/03\/inici_cp-300x212.jpg 300w, https:\/\/projectes.xtec.cat\/integrafp\/wp-content\/uploads\/usu2419\/2022\/03\/inici_cp-768x543.jpg 768w, https:\/\/projectes.xtec.cat\/integrafp\/wp-content\/uploads\/usu2419\/2022\/03\/inici_cp-1536x1086.jpg 1536w, https:\/\/projectes.xtec.cat\/integrafp\/wp-content\/uploads\/usu2419\/2022\/03\/inici_cp.jpg 1600w\" sizes=\"auto, (max-width: 1024px) 100vw, 1024px\" \/><\/a><\/p>\n","protected":false},"excerpt":{"rendered":"<p>L\u2019Institut de l\u2019Ebre va iniciar el passat dijous 20 de gener de 2022 el curs de certificat de professionalitat \u201cMuntatge i manteniment d\u2019instal\u00b7lacions solars fotovoltaiques\u201d que finalitzar\u00e0 el proper mes de juny. El curs, iniciat amb 15 alumnes, t\u00e9 una durada de 540 hores que&hellip;  <a href=\"https:\/\/projectes.xtec.cat\/integrafp\/general\/ins-de-lebre-inicia-el-cp-de-muntatge-i-manteniment-dinstallacions-solars-fotovoltaiques\/\" title=\"Read INS de l\u2019Ebre: inicia el CP de Muntatge i manteniment d\u2019instal\u00b7lacions solars fotovoltaiques\">Llegeix m\u00e9s\u00bb<\/a><\/p>\n","protected":false},"author":49,"featured_media":9555,"comment_status":"open","ping_status":"closed","sticky":false,"template":"","format":"standard","meta":{"_bbp_topic_count":0,"_bbp_reply_count":0,"_bbp_total_topic_count":0,"_bbp_total_reply_count":0,"_bbp_voice_count":0,"_bbp_anonymous_reply_count":0,"_bbp_topic_count_hidden":0,"_bbp_reply_count_hidden":0,"_bbp_forum_subforum_count":0,"footnotes":""},"categories":[154,1,29],"tags":[308,299],"class_list":["post-9554","post","type-post","status-publish","format-standard","has-post-thumbnail","hentry","category-formacio","category-general","category-portada","tag-energia-i-aigua","tag-provincia-tarragona"],"post_mailing_queue_ids":[],"_links":{"self":[{"href":"https:\/\/projectes.xtec.cat\/integrafp\/wp-json\/wp\/v2\/posts\/9554","targetHints":{"allow":["GET"]}}],"collection":[{"href":"https:\/\/projectes.xtec.cat\/integrafp\/wp-json\/wp\/v2\/posts"}],"about":[{"href":"https:\/\/projectes.xtec.cat\/integrafp\/wp-json\/wp\/v2\/types\/post"}],"author":[{"embeddable":true,"href":"https:\/\/projectes.xtec.cat\/integrafp\/wp-json\/wp\/v2\/users\/49"}],"replies":[{"embeddable":true,"href":"https:\/\/projectes.xtec.cat\/integrafp\/wp-json\/wp\/v2\/comments?post=9554"}],"version-history":[{"count":2,"href":"https:\/\/projectes.xtec.cat\/integrafp\/wp-json\/wp\/v2\/posts\/9554\/revisions"}],"predecessor-version":[{"id":9569,"href":"https:\/\/projectes.xtec.cat\/integrafp\/wp-json\/wp\/v2\/posts\/9554\/revisions\/9569"}],"wp:featuredmedia":[{"embeddable":true,"href":"https:\/\/projectes.xtec.cat\/integrafp\/wp-json\/wp\/v2\/media\/9555"}],"wp:attachment":[{"href":"https:\/\/projectes.xtec.cat\/integrafp\/wp-json\/wp\/v2\/media?parent=9554"}],"wp:term":[{"taxonomy":"category","embeddable":true,"href":"https:\/\/projectes.xtec.cat\/integrafp\/wp-json\/wp\/v2\/categories?post=9554"},{"taxonomy":"post_tag","embeddable":true,"href":"https:\/\/projectes.xtec.cat\/integrafp\/wp-json\/wp\/v2\/tags?post=9554"}],"curies":[{"name":"wp","href":"https:\/\/api.w.org\/{rel}","templated":true}]}}