{"id":9557,"date":"2022-03-14T13:49:26","date_gmt":"2022-03-14T12:49:26","guid":{"rendered":"https:\/\/projectes.xtec.cat\/integrafp\/?p=9557"},"modified":"2022-04-27T10:34:54","modified_gmt":"2022-04-27T08:34:54","slug":"ins-de-lebre-els-alumnes-del-cp-de-muntatge-i-manteniment-dinstallacions-solars-fotovoltaiques-simulen-una-installacio-dautoconsum","status":"publish","type":"post","link":"https:\/\/projectes.xtec.cat\/integrafp\/general\/ins-de-lebre-els-alumnes-del-cp-de-muntatge-i-manteniment-dinstallacions-solars-fotovoltaiques-simulen-una-installacio-dautoconsum\/","title":{"rendered":"INS de l&#8217;Ebre: Els alumnes del CP de Muntatge i manteniment d\u2019instal\u00b7lacions solars fotovoltaiques simulen una instal\u00b7laci\u00f3 d\u2019autoconsum"},"content":{"rendered":"<p><span style=\"font-weight: 400;\">L\u2019Institut de l\u2019Ebre ha iniciat el dijous 20 de gener de 2022 el curs de certificat de professionalitat \u201cMuntatge i manteniment d\u2019instal\u00b7lacions solars fotovoltaiques\u201d que finalitzar\u00e0 el proper mes de juny. El curs, iniciat amb 15 alumnes, t\u00e9 una durada de 540 hores.<\/span><\/p>\n<p><span style=\"font-weight: 400;\">Els darrers dies, l\u2019alumnat est\u00e0 treballant en la simulaci\u00f3 d\u2019una instal\u00b7laci\u00f3 real a una vivenda d&#8217;autoconsum, d&#8217;aquesta manera, es poden entendre les connexions el\u00e8ctriques necess\u00e0ries per tal de fer funcionar un inversor de fotovoltaic.<\/span><\/p>\n<p><a href=\"https:\/\/projectes.xtec.cat\/integrafp\/wp-content\/uploads\/usu2419\/2022\/03\/foto2.jpg\"><img loading=\"lazy\" decoding=\"async\" class=\"alignnone size-large wp-image-9564\" src=\"https:\/\/projectes.xtec.cat\/integrafp\/wp-content\/uploads\/usu2419\/2022\/03\/foto2-1024x576.jpg\" alt=\"\" width=\"1024\" height=\"576\" srcset=\"https:\/\/projectes.xtec.cat\/integrafp\/wp-content\/uploads\/usu2419\/2022\/03\/foto2-1024x576.jpg 1024w, https:\/\/projectes.xtec.cat\/integrafp\/wp-content\/uploads\/usu2419\/2022\/03\/foto2-300x169.jpg 300w, https:\/\/projectes.xtec.cat\/integrafp\/wp-content\/uploads\/usu2419\/2022\/03\/foto2-768x432.jpg 768w, https:\/\/projectes.xtec.cat\/integrafp\/wp-content\/uploads\/usu2419\/2022\/03\/foto2-1536x864.jpg 1536w, https:\/\/projectes.xtec.cat\/integrafp\/wp-content\/uploads\/usu2419\/2022\/03\/foto2.jpg 1920w\" sizes=\"auto, (max-width: 1024px) 100vw, 1024px\" \/><\/a> <a href=\"https:\/\/projectes.xtec.cat\/integrafp\/wp-content\/uploads\/usu2419\/2022\/03\/foto1.jpg\"><img loading=\"lazy\" decoding=\"async\" class=\"alignnone size-large wp-image-9565\" src=\"https:\/\/projectes.xtec.cat\/integrafp\/wp-content\/uploads\/usu2419\/2022\/03\/foto1-1024x576.jpg\" alt=\"\" width=\"1024\" height=\"576\" srcset=\"https:\/\/projectes.xtec.cat\/integrafp\/wp-content\/uploads\/usu2419\/2022\/03\/foto1-1024x576.jpg 1024w, https:\/\/projectes.xtec.cat\/integrafp\/wp-content\/uploads\/usu2419\/2022\/03\/foto1-300x169.jpg 300w, https:\/\/projectes.xtec.cat\/integrafp\/wp-content\/uploads\/usu2419\/2022\/03\/foto1-768x432.jpg 768w, https:\/\/projectes.xtec.cat\/integrafp\/wp-content\/uploads\/usu2419\/2022\/03\/foto1.jpg 1376w\" sizes=\"auto, (max-width: 1024px) 100vw, 1024px\" \/><\/a><\/p>\n","protected":false},"excerpt":{"rendered":"<p>L\u2019Institut de l\u2019Ebre ha iniciat el dijous 20 de gener de 2022 el curs de certificat de professionalitat \u201cMuntatge i manteniment d\u2019instal\u00b7lacions solars fotovoltaiques\u201d que finalitzar\u00e0 el proper mes de juny. El curs, iniciat amb 15 alumnes, t\u00e9 una durada de 540 hores.<br \/>\nEls darrers dies,&hellip;  <a href=\"https:\/\/projectes.xtec.cat\/integrafp\/general\/ins-de-lebre-els-alumnes-del-cp-de-muntatge-i-manteniment-dinstallacions-solars-fotovoltaiques-simulen-una-installacio-dautoconsum\/\" title=\"Read INS de l&#8217;Ebre: Els alumnes del CP de Muntatge i manteniment d\u2019instal\u00b7lacions solars fotovoltaiques simulen una instal\u00b7laci\u00f3 d\u2019autoconsum\">Llegeix m\u00e9s\u00bb<\/a><\/p>\n","protected":false},"author":49,"featured_media":9565,"comment_status":"open","ping_status":"closed","sticky":false,"template":"","format":"standard","meta":{"_bbp_topic_count":0,"_bbp_reply_count":0,"_bbp_total_topic_count":0,"_bbp_total_reply_count":0,"_bbp_voice_count":0,"_bbp_anonymous_reply_count":0,"_bbp_topic_count_hidden":0,"_bbp_reply_count_hidden":0,"_bbp_forum_subforum_count":0,"footnotes":""},"categories":[154,1,29],"tags":[308,299],"class_list":["post-9557","post","type-post","status-publish","format-standard","has-post-thumbnail","hentry","category-formacio","category-general","category-portada","tag-energia-i-aigua","tag-provincia-tarragona"],"post_mailing_queue_ids":[],"_links":{"self":[{"href":"https:\/\/projectes.xtec.cat\/integrafp\/wp-json\/wp\/v2\/posts\/9557","targetHints":{"allow":["GET"]}}],"collection":[{"href":"https:\/\/projectes.xtec.cat\/integrafp\/wp-json\/wp\/v2\/posts"}],"about":[{"href":"https:\/\/projectes.xtec.cat\/integrafp\/wp-json\/wp\/v2\/types\/post"}],"author":[{"embeddable":true,"href":"https:\/\/projectes.xtec.cat\/integrafp\/wp-json\/wp\/v2\/users\/49"}],"replies":[{"embeddable":true,"href":"https:\/\/projectes.xtec.cat\/integrafp\/wp-json\/wp\/v2\/comments?post=9557"}],"version-history":[{"count":3,"href":"https:\/\/projectes.xtec.cat\/integrafp\/wp-json\/wp\/v2\/posts\/9557\/revisions"}],"predecessor-version":[{"id":9574,"href":"https:\/\/projectes.xtec.cat\/integrafp\/wp-json\/wp\/v2\/posts\/9557\/revisions\/9574"}],"wp:featuredmedia":[{"embeddable":true,"href":"https:\/\/projectes.xtec.cat\/integrafp\/wp-json\/wp\/v2\/media\/9565"}],"wp:attachment":[{"href":"https:\/\/projectes.xtec.cat\/integrafp\/wp-json\/wp\/v2\/media?parent=9557"}],"wp:term":[{"taxonomy":"category","embeddable":true,"href":"https:\/\/projectes.xtec.cat\/integrafp\/wp-json\/wp\/v2\/categories?post=9557"},{"taxonomy":"post_tag","embeddable":true,"href":"https:\/\/projectes.xtec.cat\/integrafp\/wp-json\/wp\/v2\/tags?post=9557"}],"curies":[{"name":"wp","href":"https:\/\/api.w.org\/{rel}","templated":true}]}}