{"id":9681,"date":"2022-03-23T13:17:46","date_gmt":"2022-03-23T12:17:46","guid":{"rendered":"https:\/\/projectes.xtec.cat\/integrafp\/?p=9681"},"modified":"2022-04-27T10:36:00","modified_gmt":"2022-04-27T08:36:00","slug":"ins-la-segarra-operacions-de-xarxes-departamentals","status":"publish","type":"post","link":"https:\/\/projectes.xtec.cat\/integrafp\/general\/ins-la-segarra-operacions-de-xarxes-departamentals\/","title":{"rendered":"INS La Segarra. Operacions de xarxes departamentals"},"content":{"rendered":"<p>A l&#8217;<strong>Institut La Segarra de Cervera<\/strong> ja estem realitzant el Certificat de Professionalitat de nivell 2 d&#8217;Operacions de Xarxes Departamentals, en el que l&#8217;alumnat es forma com a t\u00e8cnics en la instal\u00b7laci\u00f3, configuraci\u00f3 i manteniment de xarxes d&#8217;ordinadors.<\/p>\n<p>Aspectes com la instal\u00b7laci\u00f3 de components de xarxes, muntatge d&#8217;armaris de telecomunicacions o resoluci\u00f3 d&#8217;incid\u00e8ncies en les xarxes, s\u00f3n alguns dels continguts que durant aquest mesos l&#8217;alumnat del curs estan aprenent.<\/p>\n<p>La valoraci\u00f3 que fem, tant l&#8217;equip docent com l&#8217;alumnat \u00e9s molt positiva tant en quant a continguts i temari com en l&#8217;organitzaci\u00f3 del curs.<\/p>\n<p><a href=\"https:\/\/projectes.xtec.cat\/integrafp\/wp-content\/uploads\/usu2419\/2022\/03\/PHOTO-2020-02-17-08-45-57.jpg\"><img loading=\"lazy\" decoding=\"async\" class=\"alignnone size-large wp-image-9683\" src=\"https:\/\/projectes.xtec.cat\/integrafp\/wp-content\/uploads\/usu2419\/2022\/03\/PHOTO-2020-02-17-08-45-57-1024x768.jpg\" alt=\"\" width=\"1024\" height=\"768\" srcset=\"https:\/\/projectes.xtec.cat\/integrafp\/wp-content\/uploads\/usu2419\/2022\/03\/PHOTO-2020-02-17-08-45-57-1024x768.jpg 1024w, https:\/\/projectes.xtec.cat\/integrafp\/wp-content\/uploads\/usu2419\/2022\/03\/PHOTO-2020-02-17-08-45-57-300x225.jpg 300w, https:\/\/projectes.xtec.cat\/integrafp\/wp-content\/uploads\/usu2419\/2022\/03\/PHOTO-2020-02-17-08-45-57-768x576.jpg 768w, https:\/\/projectes.xtec.cat\/integrafp\/wp-content\/uploads\/usu2419\/2022\/03\/PHOTO-2020-02-17-08-45-57-1536x1152.jpg 1536w, https:\/\/projectes.xtec.cat\/integrafp\/wp-content\/uploads\/usu2419\/2022\/03\/PHOTO-2020-02-17-08-45-57-200x150.jpg 200w, https:\/\/projectes.xtec.cat\/integrafp\/wp-content\/uploads\/usu2419\/2022\/03\/PHOTO-2020-02-17-08-45-57.jpg 1600w\" sizes=\"auto, (max-width: 1024px) 100vw, 1024px\" \/><\/a> <a href=\"https:\/\/projectes.xtec.cat\/integrafp\/wp-content\/uploads\/usu2419\/2022\/03\/PHOTO-2020-02-17-08-45-57-1-1.jpg\"><img loading=\"lazy\" decoding=\"async\" class=\"alignnone size-large wp-image-9684\" src=\"https:\/\/projectes.xtec.cat\/integrafp\/wp-content\/uploads\/usu2419\/2022\/03\/PHOTO-2020-02-17-08-45-57-1-1-1024x768.jpg\" alt=\"\" width=\"1024\" height=\"768\" srcset=\"https:\/\/projectes.xtec.cat\/integrafp\/wp-content\/uploads\/usu2419\/2022\/03\/PHOTO-2020-02-17-08-45-57-1-1-1024x768.jpg 1024w, https:\/\/projectes.xtec.cat\/integrafp\/wp-content\/uploads\/usu2419\/2022\/03\/PHOTO-2020-02-17-08-45-57-1-1-300x225.jpg 300w, https:\/\/projectes.xtec.cat\/integrafp\/wp-content\/uploads\/usu2419\/2022\/03\/PHOTO-2020-02-17-08-45-57-1-1-768x576.jpg 768w, https:\/\/projectes.xtec.cat\/integrafp\/wp-content\/uploads\/usu2419\/2022\/03\/PHOTO-2020-02-17-08-45-57-1-1-1536x1152.jpg 1536w, https:\/\/projectes.xtec.cat\/integrafp\/wp-content\/uploads\/usu2419\/2022\/03\/PHOTO-2020-02-17-08-45-57-1-1-200x150.jpg 200w, https:\/\/projectes.xtec.cat\/integrafp\/wp-content\/uploads\/usu2419\/2022\/03\/PHOTO-2020-02-17-08-45-57-1-1.jpg 1600w\" sizes=\"auto, (max-width: 1024px) 100vw, 1024px\" \/><\/a><\/p>\n<p>&nbsp;<\/p>\n","protected":false},"excerpt":{"rendered":"<p>A l&#8217;Institut La Segarra de Cervera ja estem realitzant el Certificat de Professionalitat de nivell 2 d&#8217;Operacions de Xarxes Departamentals, en el que l&#8217;alumnat es forma com a t\u00e8cnics en la instal\u00b7laci\u00f3, configuraci\u00f3 i manteniment de xarxes d&#8217;ordinadors.<br \/>\nAspectes com la instal\u00b7laci\u00f3 de components de xarxes,&hellip;  <a href=\"https:\/\/projectes.xtec.cat\/integrafp\/general\/ins-la-segarra-operacions-de-xarxes-departamentals\/\" title=\"Read INS La Segarra. Operacions de xarxes departamentals\">Llegeix m\u00e9s\u00bb<\/a><\/p>\n","protected":false},"author":30,"featured_media":9683,"comment_status":"open","ping_status":"closed","sticky":false,"template":"","format":"standard","meta":{"_bbp_topic_count":0,"_bbp_reply_count":0,"_bbp_total_topic_count":0,"_bbp_total_reply_count":0,"_bbp_voice_count":0,"_bbp_anonymous_reply_count":0,"_bbp_topic_count_hidden":0,"_bbp_reply_count_hidden":0,"_bbp_forum_subforum_count":0,"footnotes":""},"categories":[154,1,29],"tags":[313,298],"class_list":["post-9681","post","type-post","status-publish","format-standard","has-post-thumbnail","hentry","category-formacio","category-general","category-portada","tag-informatica-i-comunicacions","tag-provincia-lleida"],"post_mailing_queue_ids":[],"_links":{"self":[{"href":"https:\/\/projectes.xtec.cat\/integrafp\/wp-json\/wp\/v2\/posts\/9681","targetHints":{"allow":["GET"]}}],"collection":[{"href":"https:\/\/projectes.xtec.cat\/integrafp\/wp-json\/wp\/v2\/posts"}],"about":[{"href":"https:\/\/projectes.xtec.cat\/integrafp\/wp-json\/wp\/v2\/types\/post"}],"author":[{"embeddable":true,"href":"https:\/\/projectes.xtec.cat\/integrafp\/wp-json\/wp\/v2\/users\/30"}],"replies":[{"embeddable":true,"href":"https:\/\/projectes.xtec.cat\/integrafp\/wp-json\/wp\/v2\/comments?post=9681"}],"version-history":[{"count":2,"href":"https:\/\/projectes.xtec.cat\/integrafp\/wp-json\/wp\/v2\/posts\/9681\/revisions"}],"predecessor-version":[{"id":9688,"href":"https:\/\/projectes.xtec.cat\/integrafp\/wp-json\/wp\/v2\/posts\/9681\/revisions\/9688"}],"wp:featuredmedia":[{"embeddable":true,"href":"https:\/\/projectes.xtec.cat\/integrafp\/wp-json\/wp\/v2\/media\/9683"}],"wp:attachment":[{"href":"https:\/\/projectes.xtec.cat\/integrafp\/wp-json\/wp\/v2\/media?parent=9681"}],"wp:term":[{"taxonomy":"category","embeddable":true,"href":"https:\/\/projectes.xtec.cat\/integrafp\/wp-json\/wp\/v2\/categories?post=9681"},{"taxonomy":"post_tag","embeddable":true,"href":"https:\/\/projectes.xtec.cat\/integrafp\/wp-json\/wp\/v2\/tags?post=9681"}],"curies":[{"name":"wp","href":"https:\/\/api.w.org\/{rel}","templated":true}]}}