{"id":9690,"date":"2022-03-23T13:39:13","date_gmt":"2022-03-23T12:39:13","guid":{"rendered":"https:\/\/projectes.xtec.cat\/integrafp\/?p=9690"},"modified":"2022-03-23T13:40:57","modified_gmt":"2022-03-23T12:40:57","slug":"tercera-sessio-xarxes-intregrafp","status":"publish","type":"post","link":"https:\/\/projectes.xtec.cat\/integrafp\/general\/tercera-sessio-xarxes-intregrafp\/","title":{"rendered":"Tercera sessi\u00f3 Xarxes IntregraFP"},"content":{"rendered":"<p>El dimarts 23 de mar\u00e7 al mat\u00ed, de 9:30h a 12:30h, s&#8217;ha realitzat la tercera sessi\u00f3 de les Xarxes 1 i 2 Integra FP.<\/p>\n<p><a href=\"https:\/\/projectes.xtec.cat\/integrafp\/wp-content\/uploads\/usu2419\/2022\/03\/S3-X1X2-scaled.jpg\"><img loading=\"lazy\" decoding=\"async\" class=\"alignnone size-large wp-image-9691\" src=\"https:\/\/projectes.xtec.cat\/integrafp\/wp-content\/uploads\/usu2419\/2022\/03\/S3-X1X2-1024x547.jpg\" alt=\"\" width=\"1024\" height=\"547\" srcset=\"https:\/\/projectes.xtec.cat\/integrafp\/wp-content\/uploads\/usu2419\/2022\/03\/S3-X1X2-1024x547.jpg 1024w, https:\/\/projectes.xtec.cat\/integrafp\/wp-content\/uploads\/usu2419\/2022\/03\/S3-X1X2-300x160.jpg 300w, https:\/\/projectes.xtec.cat\/integrafp\/wp-content\/uploads\/usu2419\/2022\/03\/S3-X1X2-768x410.jpg 768w, https:\/\/projectes.xtec.cat\/integrafp\/wp-content\/uploads\/usu2419\/2022\/03\/S3-X1X2-1536x820.jpg 1536w, https:\/\/projectes.xtec.cat\/integrafp\/wp-content\/uploads\/usu2419\/2022\/03\/S3-X1X2-2048x1093.jpg 2048w\" sizes=\"auto, (max-width: 1024px) 100vw, 1024px\" \/><\/a><\/p>\n<p>La primera part de la sessi\u00f3 s\u2019ha dedicat a fer formaci\u00f3 sobre la gesti\u00f3 de diferents fases del projecte (focalitzada al m\u00f2dul de pr\u00e0ctiques professionals i a la finalitzaci\u00f3 de les accions). A la segona part, els centres han sigut protagonistes i han participat molt activament amb la resoluci\u00f3 de dubtes i q\u00fcestions sobre la gesti\u00f3 dels cursos de Certificats de Professionalitat.<\/p>\n<p>Agra\u00efm als\/les representants dels equips directius, coordinadors\/es dels cursos i coordinadors\/es de les pr\u00e0ctiques, la vostra participaci\u00f3 a la tercera sessi\u00f3 de la Xarxa 1 i 2 INTEGRA FP.<\/p>\n<p>Salutacions,<\/p>\n<p>Equip IntegraFP<\/p>\n","protected":false},"excerpt":{"rendered":"<p>El dimarts 23 de mar\u00e7 al mat\u00ed, de 9:30h a 12:30h, s&#8217;ha realitzat la tercera sessi\u00f3 de les Xarxes 1 i 2 Integra FP.<br \/>\n<a href=\"https:\/\/projectes.xtec.cat\/integrafp\/wp-content\/uploads\/usu2419\/2022\/03\/S3-X1X2-scaled.jpg\"><\/a><br \/>\nLa primera part de la sessi\u00f3 s\u2019ha dedicat a fer formaci\u00f3 sobre la gesti\u00f3 de diferents fases del projecte (focalitzada al&hellip;  <a href=\"https:\/\/projectes.xtec.cat\/integrafp\/general\/tercera-sessio-xarxes-intregrafp\/\" title=\"Read Tercera sessi\u00f3 Xarxes IntregraFP\">Llegeix m\u00e9s\u00bb<\/a><\/p>\n","protected":false},"author":44,"featured_media":9691,"comment_status":"open","ping_status":"closed","sticky":false,"template":"","format":"standard","meta":{"_bbp_topic_count":0,"_bbp_reply_count":0,"_bbp_total_topic_count":0,"_bbp_total_reply_count":0,"_bbp_voice_count":0,"_bbp_anonymous_reply_count":0,"_bbp_topic_count_hidden":0,"_bbp_reply_count_hidden":0,"_bbp_forum_subforum_count":0,"footnotes":""},"categories":[64,154,1,29],"tags":[],"class_list":["post-9690","post","type-post","status-publish","format-standard","has-post-thumbnail","hentry","category-comunitat","category-formacio","category-general","category-portada"],"post_mailing_queue_ids":[],"_links":{"self":[{"href":"https:\/\/projectes.xtec.cat\/integrafp\/wp-json\/wp\/v2\/posts\/9690","targetHints":{"allow":["GET"]}}],"collection":[{"href":"https:\/\/projectes.xtec.cat\/integrafp\/wp-json\/wp\/v2\/posts"}],"about":[{"href":"https:\/\/projectes.xtec.cat\/integrafp\/wp-json\/wp\/v2\/types\/post"}],"author":[{"embeddable":true,"href":"https:\/\/projectes.xtec.cat\/integrafp\/wp-json\/wp\/v2\/users\/44"}],"replies":[{"embeddable":true,"href":"https:\/\/projectes.xtec.cat\/integrafp\/wp-json\/wp\/v2\/comments?post=9690"}],"version-history":[{"count":3,"href":"https:\/\/projectes.xtec.cat\/integrafp\/wp-json\/wp\/v2\/posts\/9690\/revisions"}],"predecessor-version":[{"id":9694,"href":"https:\/\/projectes.xtec.cat\/integrafp\/wp-json\/wp\/v2\/posts\/9690\/revisions\/9694"}],"wp:featuredmedia":[{"embeddable":true,"href":"https:\/\/projectes.xtec.cat\/integrafp\/wp-json\/wp\/v2\/media\/9691"}],"wp:attachment":[{"href":"https:\/\/projectes.xtec.cat\/integrafp\/wp-json\/wp\/v2\/media?parent=9690"}],"wp:term":[{"taxonomy":"category","embeddable":true,"href":"https:\/\/projectes.xtec.cat\/integrafp\/wp-json\/wp\/v2\/categories?post=9690"},{"taxonomy":"post_tag","embeddable":true,"href":"https:\/\/projectes.xtec.cat\/integrafp\/wp-json\/wp\/v2\/tags?post=9690"}],"curies":[{"name":"wp","href":"https:\/\/api.w.org\/{rel}","templated":true}]}}