{"id":9733,"date":"2022-03-28T11:20:57","date_gmt":"2022-03-28T09:20:57","guid":{"rendered":"https:\/\/projectes.xtec.cat\/integrafp\/?p=9733"},"modified":"2022-03-28T11:20:57","modified_gmt":"2022-03-28T09:20:57","slug":"jornada-de-presentacio-dels-programes-dfp-per-als-nous-centres","status":"publish","type":"post","link":"https:\/\/projectes.xtec.cat\/integrafp\/portada\/jornada-de-presentacio-dels-programes-dfp-per-als-nous-centres\/","title":{"rendered":"Jornada de presentaci\u00f3 dels programes d\u2019FP per als nous centres"},"content":{"rendered":"<p dir=\"ltr\">La Subdirecci\u00f3 General de Programes i Projectes us convida a la\u00a0<strong>Jornada de presentaci\u00f3 dels diferents Programes i Projectes d\u2019FP per als nous centres<\/strong>, que es celebrar\u00e0 els dies 31 de mar\u00e7, 1 i 4 d\u2019abril\u00a0<strong>en format virtual<\/strong>.<\/p>\n<p dir=\"ltr\">Podeu trobar tota la informaci\u00f3 en el seg\u00fcent\u00a0<a href=\"https:\/\/sites.google.com\/xtec.cat\/presentacioprogrames2022\"><strong>enlla\u00e7<\/strong><\/a><\/p>\n<p dir=\"ltr\"><img decoding=\"async\" src=\"https:\/\/agora.xtec.cat\/fpdual\/wp-content\/uploads\/usu1832\/2022\/03\/Sense-titol6-1024x308.png\" \/><\/p>\n<p dir=\"ltr\">dre\u00e7ada als centres de Formaci\u00f3 Professional de Catalunya\u00a0<strong>que estan pensant en sol\u00b7licitar la seva participaci\u00f3 en algun dels Programes i Projectes d\u2019aquesta Subdirecci\u00f3 el proper curs 2022-2023, i que per tant, encara no hi participen<\/strong>.<\/p>\n<p dir=\"ltr\">Els Programes d\u2019Innovaci\u00f3 consisteixen en plans d\u2019acci\u00f3 que el Departament d\u2019Educaci\u00f3 prioritza i impulsa, i que tenen com a finalitat millorar els resultats del sistema educatiu adequant-lo al canvi i a l\u2019evoluci\u00f3 social. Amb la mateixa finalitat tamb\u00e9 s\u2019inclouen les iniciatives d\u2019altres institucions amb les que el Departament col\u00b7labora mitjan\u00e7ant acords o convenis. (<a href=\"https:\/\/portaldogc.gencat.cat\/utilsEADOP\/PDF\/6966\/1447492.pdf\" target=\"_blank\" rel=\"noopener\" data-saferedirecturl=\"https:\/\/www.google.com\/url?q=https:\/\/portaldogc.gencat.cat\/utilsEADOP\/PDF\/6966\/1447492.pdf&amp;source=gmail&amp;ust=1648538302435000&amp;usg=AOvVaw2-lVglXWLoOeF9q-cFdWLo\">Article 2 Ordre Ens\/303\/2015<\/a>).<\/p>\n<p dir=\"ltr\">Aquests programes volen ajudar a impulsar diferents accions d\u2019innovaci\u00f3 a trav\u00e9s de la informaci\u00f3, formaci\u00f3 i treball en xarxa dels diferents centres educatius que treballen cooperativament als diferents programes.\u00a0<strong>La participaci\u00f3 als programes est\u00e0 oberta a tots els centres d\u2019FP. En el cas del PQiMC, nom\u00e9s al centres de titularitat p\u00fablica<\/strong>.<\/p>\n<p dir=\"ltr\">Aquesta jornada est\u00e0 dirigida a els\/les directors\/es i\/o altres c\u00e0rrecs directius, tamb\u00e9 pot participar qualsevol professor\/a interessat\/da.<\/p>\n","protected":false},"excerpt":{"rendered":"<p>La Subdirecci\u00f3 General de Programes i Projectes us convida a la\u00a0Jornada de presentaci\u00f3 dels diferents Programes i Projectes d\u2019FP per als nous centres, que es celebrar\u00e0 els dies 31 de mar\u00e7, 1 i 4 d\u2019abril\u00a0en format virtual.<br \/>\nPodeu trobar tota la informaci\u00f3 en el seg\u00fcent\u00a0<a href=\"https:\/\/sites.google.com\/xtec.cat\/presentacioprogrames2022\">enlla\u00e7<\/a><\/p>\n<p>dre\u00e7ada&hellip;  <a href=\"https:\/\/projectes.xtec.cat\/integrafp\/portada\/jornada-de-presentacio-dels-programes-dfp-per-als-nous-centres\/\" title=\"Read Jornada de presentaci\u00f3 dels programes d\u2019FP per als nous centres\">Llegeix m\u00e9s\u00bb<\/a><\/p>\n","protected":false},"author":1,"featured_media":0,"comment_status":"closed","ping_status":"closed","sticky":false,"template":"","format":"standard","meta":{"_bbp_topic_count":0,"_bbp_reply_count":0,"_bbp_total_topic_count":0,"_bbp_total_reply_count":0,"_bbp_voice_count":0,"_bbp_anonymous_reply_count":0,"_bbp_topic_count_hidden":0,"_bbp_reply_count_hidden":0,"_bbp_forum_subforum_count":0,"footnotes":""},"categories":[29],"tags":[],"class_list":["post-9733","post","type-post","status-publish","format-standard","hentry","category-portada"],"post_mailing_queue_ids":[],"_links":{"self":[{"href":"https:\/\/projectes.xtec.cat\/integrafp\/wp-json\/wp\/v2\/posts\/9733","targetHints":{"allow":["GET"]}}],"collection":[{"href":"https:\/\/projectes.xtec.cat\/integrafp\/wp-json\/wp\/v2\/posts"}],"about":[{"href":"https:\/\/projectes.xtec.cat\/integrafp\/wp-json\/wp\/v2\/types\/post"}],"author":[{"embeddable":true,"href":"https:\/\/projectes.xtec.cat\/integrafp\/wp-json\/wp\/v2\/users\/1"}],"replies":[{"embeddable":true,"href":"https:\/\/projectes.xtec.cat\/integrafp\/wp-json\/wp\/v2\/comments?post=9733"}],"version-history":[{"count":1,"href":"https:\/\/projectes.xtec.cat\/integrafp\/wp-json\/wp\/v2\/posts\/9733\/revisions"}],"predecessor-version":[{"id":9734,"href":"https:\/\/projectes.xtec.cat\/integrafp\/wp-json\/wp\/v2\/posts\/9733\/revisions\/9734"}],"wp:attachment":[{"href":"https:\/\/projectes.xtec.cat\/integrafp\/wp-json\/wp\/v2\/media?parent=9733"}],"wp:term":[{"taxonomy":"category","embeddable":true,"href":"https:\/\/projectes.xtec.cat\/integrafp\/wp-json\/wp\/v2\/categories?post=9733"},{"taxonomy":"post_tag","embeddable":true,"href":"https:\/\/projectes.xtec.cat\/integrafp\/wp-json\/wp\/v2\/tags?post=9733"}],"curies":[{"name":"wp","href":"https:\/\/api.w.org\/{rel}","templated":true}]}}