{"id":9752,"date":"2022-05-11T09:40:21","date_gmt":"2022-05-11T07:40:21","guid":{"rendered":"https:\/\/projectes.xtec.cat\/integrafp\/?p=9752"},"modified":"2022-05-11T09:40:21","modified_gmt":"2022-05-11T07:40:21","slug":"ins-de-lebre-els-alumnes-del-cp-de-muntatge-i-manteniment-dinstallacions-solars-fotovoltaiques-mostren-com-installen-plaques-solars-fotovoltaiques-a-una-teulada-simulada-mobil","status":"publish","type":"post","link":"https:\/\/projectes.xtec.cat\/integrafp\/general\/ins-de-lebre-els-alumnes-del-cp-de-muntatge-i-manteniment-dinstallacions-solars-fotovoltaiques-mostren-com-installen-plaques-solars-fotovoltaiques-a-una-teulada-simulada-mobil\/","title":{"rendered":"INS de l\u2019Ebre: Els alumnes del CP de Muntatge i manteniment d\u2019instal\u00b7lacions solars fotovoltaiques mostren com instal\u00b7len plaques solars fotovoltaiques a una teulada simulada m\u00f2bil"},"content":{"rendered":"<p>L\u2019Institut de l\u2019Ebre va iniciar el dijous 20 de gener de 2022 el curs de certificat de professionalitat \u201cMuntatge i manteniment d\u2019instal\u00b7lacions solars fotovoltaiques\u201d que finalitzar\u00e0 el proper mes de juny.<\/p>\n<p>El curs, iniciat amb 15 alumnes,\u00a0 t\u00e9 una durada de 540 hores que es reparteixen de la seg\u00fcent manera: Replantejament d\u2019instal\u00b7lacions solars fotovoltaiques (150 hores),\u00a0 Muntatge d\u2019instal\u00b7lacions solars fotovoltaiques (210 hores), Manteniment d&#8217;instal\u00b7lacions solars fotovoltaiques (60 hores) i un m\u00f2dul de pr\u00e0ctiques professionals no laborals en empreses del sector. El curs tamb\u00e9 inclou una formaci\u00f3 complement\u00e0ria sobre inserci\u00f3 laboral, sensibilitzaci\u00f3 mediambiental i en igualtat de g\u00e8nere.<\/p>\n<p>En els darrers dies l\u2019alumnat estan treballant en la pr\u00e0ctica d\u2019una instal\u00b7laci\u00f3 i manteniment de plaques solars fotovoltaiques a una teulada simulada m\u00f2bil instal\u00b7lada al pati del centre.<\/p>\n<p><a href=\"https:\/\/drive.google.com\/file\/d\/1aC_H7lP9cjaao37qibVrxDraB7IFefod\/view?usp=sharing\">Enlla\u00e7 al v\u00eddeo<\/a><\/p>\n","protected":false},"excerpt":{"rendered":"<p>L\u2019Institut de l\u2019Ebre va iniciar el dijous 20 de gener de 2022 el curs de certificat de professionalitat \u201cMuntatge i manteniment d\u2019instal\u00b7lacions solars fotovoltaiques\u201d que finalitzar\u00e0 el proper mes de juny.<br \/>\nEl curs, iniciat amb 15 alumnes,\u00a0 t\u00e9 una durada de 540 hores que es reparteixen&hellip;  <a href=\"https:\/\/projectes.xtec.cat\/integrafp\/general\/ins-de-lebre-els-alumnes-del-cp-de-muntatge-i-manteniment-dinstallacions-solars-fotovoltaiques-mostren-com-installen-plaques-solars-fotovoltaiques-a-una-teulada-simulada-mobil\/\" title=\"Read INS de l\u2019Ebre: Els alumnes del CP de Muntatge i manteniment d\u2019instal\u00b7lacions solars fotovoltaiques mostren com instal\u00b7len plaques solars fotovoltaiques a una teulada simulada m\u00f2bil\">Llegeix m\u00e9s\u00bb<\/a><\/p>\n","protected":false},"author":49,"featured_media":0,"comment_status":"open","ping_status":"closed","sticky":false,"template":"","format":"standard","meta":{"_bbp_topic_count":0,"_bbp_reply_count":0,"_bbp_total_topic_count":0,"_bbp_total_reply_count":0,"_bbp_voice_count":0,"_bbp_anonymous_reply_count":0,"_bbp_topic_count_hidden":0,"_bbp_reply_count_hidden":0,"_bbp_forum_subforum_count":0,"footnotes":""},"categories":[154,1,29],"tags":[308,299],"class_list":["post-9752","post","type-post","status-publish","format-standard","hentry","category-formacio","category-general","category-portada","tag-energia-i-aigua","tag-provincia-tarragona"],"post_mailing_queue_ids":[],"_links":{"self":[{"href":"https:\/\/projectes.xtec.cat\/integrafp\/wp-json\/wp\/v2\/posts\/9752","targetHints":{"allow":["GET"]}}],"collection":[{"href":"https:\/\/projectes.xtec.cat\/integrafp\/wp-json\/wp\/v2\/posts"}],"about":[{"href":"https:\/\/projectes.xtec.cat\/integrafp\/wp-json\/wp\/v2\/types\/post"}],"author":[{"embeddable":true,"href":"https:\/\/projectes.xtec.cat\/integrafp\/wp-json\/wp\/v2\/users\/49"}],"replies":[{"embeddable":true,"href":"https:\/\/projectes.xtec.cat\/integrafp\/wp-json\/wp\/v2\/comments?post=9752"}],"version-history":[{"count":3,"href":"https:\/\/projectes.xtec.cat\/integrafp\/wp-json\/wp\/v2\/posts\/9752\/revisions"}],"predecessor-version":[{"id":9773,"href":"https:\/\/projectes.xtec.cat\/integrafp\/wp-json\/wp\/v2\/posts\/9752\/revisions\/9773"}],"wp:attachment":[{"href":"https:\/\/projectes.xtec.cat\/integrafp\/wp-json\/wp\/v2\/media?parent=9752"}],"wp:term":[{"taxonomy":"category","embeddable":true,"href":"https:\/\/projectes.xtec.cat\/integrafp\/wp-json\/wp\/v2\/categories?post=9752"},{"taxonomy":"post_tag","embeddable":true,"href":"https:\/\/projectes.xtec.cat\/integrafp\/wp-json\/wp\/v2\/tags?post=9752"}],"curies":[{"name":"wp","href":"https:\/\/api.w.org\/{rel}","templated":true}]}}