{"id":9777,"date":"2022-05-23T10:50:14","date_gmt":"2022-05-23T08:50:14","guid":{"rendered":"https:\/\/projectes.xtec.cat\/integrafp\/?p=9777"},"modified":"2022-05-23T10:51:21","modified_gmt":"2022-05-23T08:51:21","slug":"ins-vic-preparats-per-demostrar-els-coneixements-adquirits-en-mecanitzacio","status":"publish","type":"post","link":"https:\/\/projectes.xtec.cat\/integrafp\/general\/ins-vic-preparats-per-demostrar-els-coneixements-adquirits-en-mecanitzacio\/","title":{"rendered":"INS Vic: Preparats per demostrar els coneixements adquirits en mecanitzaci\u00f3"},"content":{"rendered":"<p>A l\u2019Institut de Vic ja encarem la recta final del CP de Fabricaci\u00f3 per arrencament de ferritja FMEH0109. Realment aquest curs ha estat ben diferent de l\u2019anterior.<\/p>\n<p>En el proc\u00e9s de selecci\u00f3 v\u00e0rem detectar un perfil d\u2019alumnes d\u2019entre 30 i 50 anys molt actius, per\u00f2 que per circumst\u00e0ncies diverses s&#8217;havien quedat sense feina. Des del primer dia, la motivaci\u00f3 per aprendre i adquirir unes compet\u00e8ncies noves ha estat m\u00e0xima.<\/p>\n<p>Les\u00a0 empreses, que ja han acollit alumnes en pr\u00e0ctiques de certificats de professionalitat, estan expectants per rebre els alumnes d&#8217;aquesta promoci\u00f3.<\/p>\n<p>Els formadors estan gaudint com mai de poder formar un col\u00b7lectiu especialment motivat, i carregats d\u2019inquietuds per aprendre tot i m\u00e9s sobre la fabricaci\u00f3 mec\u00e0nica i la programaci\u00f3 de m\u00e0quines de control num\u00e8ric.<\/p>\n<p>Malauradament, des dels inicis hi ha hagut baixes. Persones que tot i ser molt actives, tenen molta pressi\u00f3 en els per\u00edodes de desocupaci\u00f3. Per aquesta ra\u00f3, la pressi\u00f3 financera d\u2019algunes fam\u00edlies, juntament amb la bonan\u00e7a del mercat laboral, ha comportat l\u2019abandonament prematur d\u2019alguns alumnes. L\u2019equip docent lamenta aquesta situaci\u00f3, i encara m\u00e9s, quan s\u2019arriba al final del curs on es pot valorar la bona preparaci\u00f3 dels alumnes formats.<\/p>\n<p>Ens acomiadem amb una foto recent de la visita al Open House de Haas. En aquesta visita els alumnes han pogut veure en acci\u00f3 les darreres novetats en torns de control num\u00e8ric, centres de mecanitzat i m\u00e0quines multitasca Haas.<a href=\"https:\/\/projectes.xtec.cat\/integrafp\/wp-content\/uploads\/usu2419\/2022\/05\/Ivic_Haas_20_05_2022.jpg\"><img loading=\"lazy\" decoding=\"async\" class=\"alignnone size-large wp-image-9778\" src=\"https:\/\/projectes.xtec.cat\/integrafp\/wp-content\/uploads\/usu2419\/2022\/05\/Ivic_Haas_20_05_2022-1024x768.jpg\" alt=\"Visita CP Mecanitzaci\u00f3 a HAAS\" width=\"1024\" height=\"768\" srcset=\"https:\/\/projectes.xtec.cat\/integrafp\/wp-content\/uploads\/usu2419\/2022\/05\/Ivic_Haas_20_05_2022-1024x768.jpg 1024w, https:\/\/projectes.xtec.cat\/integrafp\/wp-content\/uploads\/usu2419\/2022\/05\/Ivic_Haas_20_05_2022-300x225.jpg 300w, https:\/\/projectes.xtec.cat\/integrafp\/wp-content\/uploads\/usu2419\/2022\/05\/Ivic_Haas_20_05_2022-768x576.jpg 768w, https:\/\/projectes.xtec.cat\/integrafp\/wp-content\/uploads\/usu2419\/2022\/05\/Ivic_Haas_20_05_2022-1536x1152.jpg 1536w, https:\/\/projectes.xtec.cat\/integrafp\/wp-content\/uploads\/usu2419\/2022\/05\/Ivic_Haas_20_05_2022-2048x1536.jpg 2048w, https:\/\/projectes.xtec.cat\/integrafp\/wp-content\/uploads\/usu2419\/2022\/05\/Ivic_Haas_20_05_2022-200x150.jpg 200w\" sizes=\"auto, (max-width: 1024px) 100vw, 1024px\" \/><\/a><\/p>\n","protected":false},"excerpt":{"rendered":"<p>A l\u2019Institut de Vic ja encarem la recta final del CP de Fabricaci\u00f3 per arrencament de ferritja FMEH0109. Realment aquest curs ha estat ben diferent de l\u2019anterior.<br \/>\nEn el proc\u00e9s de selecci\u00f3 v\u00e0rem detectar un perfil d\u2019alumnes d\u2019entre 30 i 50 anys molt actius, per\u00f2 que&hellip;  <a href=\"https:\/\/projectes.xtec.cat\/integrafp\/general\/ins-vic-preparats-per-demostrar-els-coneixements-adquirits-en-mecanitzacio\/\" title=\"Read INS Vic: Preparats per demostrar els coneixements adquirits en mecanitzaci\u00f3\">Llegeix m\u00e9s\u00bb<\/a><\/p>\n","protected":false},"author":31,"featured_media":9778,"comment_status":"open","ping_status":"closed","sticky":false,"template":"","format":"standard","meta":{"_bbp_topic_count":0,"_bbp_reply_count":0,"_bbp_total_topic_count":0,"_bbp_total_reply_count":0,"_bbp_voice_count":0,"_bbp_anonymous_reply_count":0,"_bbp_topic_count_hidden":0,"_bbp_reply_count_hidden":0,"_bbp_forum_subforum_count":0,"footnotes":""},"categories":[154,1,29],"tags":[295,296],"class_list":["post-9777","post","type-post","status-publish","format-standard","has-post-thumbnail","hentry","category-formacio","category-general","category-portada","tag-fabricacio-mecanica","tag-barcelona"],"post_mailing_queue_ids":[],"_links":{"self":[{"href":"https:\/\/projectes.xtec.cat\/integrafp\/wp-json\/wp\/v2\/posts\/9777","targetHints":{"allow":["GET"]}}],"collection":[{"href":"https:\/\/projectes.xtec.cat\/integrafp\/wp-json\/wp\/v2\/posts"}],"about":[{"href":"https:\/\/projectes.xtec.cat\/integrafp\/wp-json\/wp\/v2\/types\/post"}],"author":[{"embeddable":true,"href":"https:\/\/projectes.xtec.cat\/integrafp\/wp-json\/wp\/v2\/users\/31"}],"replies":[{"embeddable":true,"href":"https:\/\/projectes.xtec.cat\/integrafp\/wp-json\/wp\/v2\/comments?post=9777"}],"version-history":[{"count":3,"href":"https:\/\/projectes.xtec.cat\/integrafp\/wp-json\/wp\/v2\/posts\/9777\/revisions"}],"predecessor-version":[{"id":9790,"href":"https:\/\/projectes.xtec.cat\/integrafp\/wp-json\/wp\/v2\/posts\/9777\/revisions\/9790"}],"wp:featuredmedia":[{"embeddable":true,"href":"https:\/\/projectes.xtec.cat\/integrafp\/wp-json\/wp\/v2\/media\/9778"}],"wp:attachment":[{"href":"https:\/\/projectes.xtec.cat\/integrafp\/wp-json\/wp\/v2\/media?parent=9777"}],"wp:term":[{"taxonomy":"category","embeddable":true,"href":"https:\/\/projectes.xtec.cat\/integrafp\/wp-json\/wp\/v2\/categories?post=9777"},{"taxonomy":"post_tag","embeddable":true,"href":"https:\/\/projectes.xtec.cat\/integrafp\/wp-json\/wp\/v2\/tags?post=9777"}],"curies":[{"name":"wp","href":"https:\/\/api.w.org\/{rel}","templated":true}]}}