{"id":9967,"date":"2022-10-25T14:04:57","date_gmt":"2022-10-25T12:04:57","guid":{"rendered":"https:\/\/projectes.xtec.cat\/integrafp\/?p=9967"},"modified":"2022-10-25T17:44:48","modified_gmt":"2022-10-25T15:44:48","slug":"xarxa-integrafp-sessio-1-x2-centres-novells","status":"publish","type":"post","link":"https:\/\/projectes.xtec.cat\/integrafp\/general\/xarxa-integrafp-sessio-1-x2-centres-novells\/","title":{"rendered":"Xarxa IntegraFP, Sessi\u00f3 1 X2 (Centres novells)"},"content":{"rendered":"<p>Aquest dimarts 25 d&#8217;octubre, al mat\u00ed de 9:30h a 12:30h ha tingut lloc la primera sessi\u00f3 de la Xarxa 2 IntegraFP. Els centres que han participat s\u00f3n novells en l&#8217;oferta de Certificats de Professionalitat en centres educatius p\u00fablics.<\/p>\n<p><a href=\"https:\/\/projectes.xtec.cat\/integrafp\/wp-content\/uploads\/usu2419\/2022\/10\/59830FF7-F889-4BDF-BC27-6671AA711423.jpg\"><img loading=\"lazy\" decoding=\"async\" class=\"alignnone size-full wp-image-9968\" src=\"https:\/\/projectes.xtec.cat\/integrafp\/wp-content\/uploads\/usu2419\/2022\/10\/59830FF7-F889-4BDF-BC27-6671AA711423.jpg\" alt=\"\" width=\"1001\" height=\"512\" srcset=\"https:\/\/projectes.xtec.cat\/integrafp\/wp-content\/uploads\/usu2419\/2022\/10\/59830FF7-F889-4BDF-BC27-6671AA711423.jpg 1001w, https:\/\/projectes.xtec.cat\/integrafp\/wp-content\/uploads\/usu2419\/2022\/10\/59830FF7-F889-4BDF-BC27-6671AA711423-300x153.jpg 300w, https:\/\/projectes.xtec.cat\/integrafp\/wp-content\/uploads\/usu2419\/2022\/10\/59830FF7-F889-4BDF-BC27-6671AA711423-768x393.jpg 768w\" sizes=\"auto, (max-width: 1001px) 100vw, 1001px\" \/><\/a><\/p>\n<p>La primera part de la sessi\u00f3 ha consistit en la presentaci\u00f3 del l&#8217;equip i dels participants, els continguts s&#8217;han centrat en l&#8217;explicaci\u00f3 de les primeres fases en l&#8217;execuci\u00f3 dels CP (fins a l&#8217;inici de les accions) i repassat tota la documentaci\u00f3 associada a aquestes fases. Tamb\u00e9 s&#8217;ha aprofitat per resoldre dubtes.<\/p>\n<p>La segona part ha consistit b\u00e0sicament en explicar les tasques que s&#8217;han de desenvolupar, presentar els portals de treball Odissea, i aquest mateix Nodes.<\/p>\n<p>Benvinguts\/es a tots\/es! esperem que aquesta sigui la primera de moltes m\u00e9s programacions junts\/es.<\/p>\n<p>Equip IntegraFP<\/p>\n","protected":false},"excerpt":{"rendered":"<p>Aquest dimarts 25 d&#8217;octubre, al mat\u00ed de 9:30h a 12:30h ha tingut lloc la primera sessi\u00f3 de la Xarxa 2 IntegraFP. Els centres que han participat s\u00f3n novells en l&#8217;oferta de Certificats de Professionalitat en centres educatius p\u00fablics.<br \/>\n<a href=\"https:\/\/projectes.xtec.cat\/integrafp\/wp-content\/uploads\/usu2419\/2022\/10\/59830FF7-F889-4BDF-BC27-6671AA711423.jpg\"><\/a><br \/>\nLa primera part de la sessi\u00f3 ha&hellip;  <a href=\"https:\/\/projectes.xtec.cat\/integrafp\/general\/xarxa-integrafp-sessio-1-x2-centres-novells\/\" title=\"Read Xarxa IntegraFP, Sessi\u00f3 1 X2 (Centres novells)\">Llegeix m\u00e9s\u00bb<\/a><\/p>\n","protected":false},"author":44,"featured_media":0,"comment_status":"open","ping_status":"closed","sticky":false,"template":"","format":"standard","meta":{"_bbp_topic_count":0,"_bbp_reply_count":0,"_bbp_total_topic_count":0,"_bbp_total_reply_count":0,"_bbp_voice_count":0,"_bbp_anonymous_reply_count":0,"_bbp_topic_count_hidden":0,"_bbp_reply_count_hidden":0,"_bbp_forum_subforum_count":0,"footnotes":""},"categories":[154,1,29],"tags":[],"class_list":["post-9967","post","type-post","status-publish","format-standard","hentry","category-formacio","category-general","category-portada"],"post_mailing_queue_ids":[],"_links":{"self":[{"href":"https:\/\/projectes.xtec.cat\/integrafp\/wp-json\/wp\/v2\/posts\/9967","targetHints":{"allow":["GET"]}}],"collection":[{"href":"https:\/\/projectes.xtec.cat\/integrafp\/wp-json\/wp\/v2\/posts"}],"about":[{"href":"https:\/\/projectes.xtec.cat\/integrafp\/wp-json\/wp\/v2\/types\/post"}],"author":[{"embeddable":true,"href":"https:\/\/projectes.xtec.cat\/integrafp\/wp-json\/wp\/v2\/users\/44"}],"replies":[{"embeddable":true,"href":"https:\/\/projectes.xtec.cat\/integrafp\/wp-json\/wp\/v2\/comments?post=9967"}],"version-history":[{"count":3,"href":"https:\/\/projectes.xtec.cat\/integrafp\/wp-json\/wp\/v2\/posts\/9967\/revisions"}],"predecessor-version":[{"id":9971,"href":"https:\/\/projectes.xtec.cat\/integrafp\/wp-json\/wp\/v2\/posts\/9967\/revisions\/9971"}],"wp:attachment":[{"href":"https:\/\/projectes.xtec.cat\/integrafp\/wp-json\/wp\/v2\/media?parent=9967"}],"wp:term":[{"taxonomy":"category","embeddable":true,"href":"https:\/\/projectes.xtec.cat\/integrafp\/wp-json\/wp\/v2\/categories?post=9967"},{"taxonomy":"post_tag","embeddable":true,"href":"https:\/\/projectes.xtec.cat\/integrafp\/wp-json\/wp\/v2\/tags?post=9967"}],"curies":[{"name":"wp","href":"https:\/\/api.w.org\/{rel}","templated":true}]}}