{"id":10157,"date":"2020-12-14T11:53:09","date_gmt":"2020-12-14T10:53:09","guid":{"rendered":"http:\/\/projectes.xtec.cat\/internacional\/?p=10157"},"modified":"2020-12-14T11:56:07","modified_gmt":"2020-12-14T10:56:07","slug":"auxiliars-de-conversa-espanyols-a-lestranger","status":"publish","type":"post","link":"https:\/\/projectes.xtec.cat\/internacional\/general\/auxiliars-de-conversa-espanyols-a-lestranger\/","title":{"rendered":"Auxiliars de conversa espanyols a l&#8217;estranger"},"content":{"rendered":"<p><img loading=\"lazy\" decoding=\"async\" class=\"aligncenter wp-image-10158 size-full\" src=\"https:\/\/projectes.xtec.cat\/internacional\/wp-content\/uploads\/usu1767\/2020\/12\/Imagen-1.png\" alt=\"\" width=\"418\" height=\"172\" srcset=\"https:\/\/projectes.xtec.cat\/internacional\/wp-content\/uploads\/usu1767\/2020\/12\/Imagen-1.png 418w, https:\/\/projectes.xtec.cat\/internacional\/wp-content\/uploads\/usu1767\/2020\/12\/Imagen-1-300x123.png 300w\" sizes=\"auto, (max-width: 418px) 100vw, 418px\" \/><\/p>\n<p>La Unitat d&#8217;Acci\u00f3 Educativa Exterior del Ministeri d&#8217;Educaci\u00f3 i Formaci\u00f3 Professional ha obert la convocat\u00f2ria per participar en el programa d&#8217;auxiliars de conversa espanyols a l&#8217;estranger.<\/p>\n<p>Aquest programa va dirigit a llicenciats universitaris o estudiants d&#8217;\u00faltim curs de grau que vulguin fer les funcions d&#8217;auxiliar de conversa en un centre educatiu d&#8217;un dels pa\u00efsos seg\u00fcents: Alemanya, Austr\u00e0lia, \u00c0ustria, B\u00e8lgica, Canad\u00e0, Estats Units, R\u00fassia, Fran\u00e7a, Irlanda, It\u00e0lia, Malta, Noruega, Nova Zelanda, Portugal, Regne Unit, Su\u00e8cia i Su\u00efssa.<\/p>\n<p>Trobareu m\u00e9s informaci\u00f3 sobre el programa, el proc\u00e9s d&#8217;inscripci\u00f3 i les condicions de cada pa\u00eds en aquest <a href=\"http:\/\/www.educacionyfp.gob.es\/servicios-al-ciudadano\/catalogo\/profesorado\/convocatorias-para-el-extranjero\/auxiliares-conversacion-espanoles-en-extranjero.html\" target=\"_blank\" rel=\"noopener noreferrer\">enlla\u00e7<\/a>. La convocat\u00f2ria estar\u00e0 oberta fins el dia 28 de desembre de 2020.<\/p>\n<p>&nbsp;<\/p>\n<p>&nbsp;<\/p>\n<p>&nbsp;<\/p>\n","protected":false},"excerpt":{"rendered":"<p>La Unitat d&#8217;Acci\u00f3 Educativa Exterior del Ministeri d&#8217;Educaci\u00f3 i Formaci\u00f3 Professional ha obert la convocat\u00f2ria per participar en el programa d&#8217;auxiliars de conversa espanyols a l&#8217;estranger.<br \/>\nAquest programa va dirigit a llicenciats universitaris o estudiants d&#8217;\u00faltim curs de grau que vulguin fer les funcions d&#8217;auxiliar de&hellip;  <a href=\"https:\/\/projectes.xtec.cat\/internacional\/general\/auxiliars-de-conversa-espanyols-a-lestranger\/\" title=\"Read Auxiliars de conversa espanyols a l&#8217;estranger\">Llegeix m\u00e9s\u00bb<\/a><\/p>\n","protected":false},"author":1,"featured_media":10158,"comment_status":"open","ping_status":"closed","sticky":false,"template":"","format":"standard","meta":{"_bbp_topic_count":0,"_bbp_reply_count":0,"_bbp_total_topic_count":0,"_bbp_total_reply_count":0,"_bbp_voice_count":0,"_bbp_anonymous_reply_count":0,"_bbp_topic_count_hidden":0,"_bbp_reply_count_hidden":0,"_bbp_forum_subforum_count":0,"footnotes":""},"categories":[289,1,303,29],"tags":[288],"class_list":["post-10157","post","type-post","status-publish","format-standard","has-post-thumbnail","hentry","category-auxiliars-de-conversa","category-general","category-noticies-dauxiliars","category-portada","tag-auxiliars-de-conversa"],"post_mailing_queue_ids":[],"_links":{"self":[{"href":"https:\/\/projectes.xtec.cat\/internacional\/wp-json\/wp\/v2\/posts\/10157","targetHints":{"allow":["GET"]}}],"collection":[{"href":"https:\/\/projectes.xtec.cat\/internacional\/wp-json\/wp\/v2\/posts"}],"about":[{"href":"https:\/\/projectes.xtec.cat\/internacional\/wp-json\/wp\/v2\/types\/post"}],"author":[{"embeddable":true,"href":"https:\/\/projectes.xtec.cat\/internacional\/wp-json\/wp\/v2\/users\/1"}],"replies":[{"embeddable":true,"href":"https:\/\/projectes.xtec.cat\/internacional\/wp-json\/wp\/v2\/comments?post=10157"}],"version-history":[{"count":3,"href":"https:\/\/projectes.xtec.cat\/internacional\/wp-json\/wp\/v2\/posts\/10157\/revisions"}],"predecessor-version":[{"id":10164,"href":"https:\/\/projectes.xtec.cat\/internacional\/wp-json\/wp\/v2\/posts\/10157\/revisions\/10164"}],"wp:featuredmedia":[{"embeddable":true,"href":"https:\/\/projectes.xtec.cat\/internacional\/wp-json\/wp\/v2\/media\/10158"}],"wp:attachment":[{"href":"https:\/\/projectes.xtec.cat\/internacional\/wp-json\/wp\/v2\/media?parent=10157"}],"wp:term":[{"taxonomy":"category","embeddable":true,"href":"https:\/\/projectes.xtec.cat\/internacional\/wp-json\/wp\/v2\/categories?post=10157"},{"taxonomy":"post_tag","embeddable":true,"href":"https:\/\/projectes.xtec.cat\/internacional\/wp-json\/wp\/v2\/tags?post=10157"}],"curies":[{"name":"wp","href":"https:\/\/api.w.org\/{rel}","templated":true}]}}