{"id":10165,"date":"2020-12-14T13:38:48","date_gmt":"2020-12-14T12:38:48","guid":{"rendered":"http:\/\/projectes.xtec.cat\/internacional\/?p=10165"},"modified":"2020-12-14T13:42:39","modified_gmt":"2020-12-14T12:42:39","slug":"far-from-remote-un-estudi-sobre-laprenentatge-en-les-aules-virtuals","status":"publish","type":"post","link":"https:\/\/projectes.xtec.cat\/internacional\/portada\/far-from-remote-un-estudi-sobre-laprenentatge-en-les-aules-virtuals\/","title":{"rendered":"&#8220;Far from remote&#8221;: un estudi sobre l&#8217;aprenentatge en les aules virtuals"},"content":{"rendered":"<p><a href=\"https:\/\/projectes.xtec.cat\/internacional\/wp-content\/uploads\/usu1767\/2020\/12\/GS2.png\"><img loading=\"lazy\" decoding=\"async\" class=\"alignnone wp-image-10166 size-large\" src=\"https:\/\/projectes.xtec.cat\/internacional\/wp-content\/uploads\/usu1767\/2020\/12\/GS2-1024x606.png\" alt=\"\" width=\"1024\" height=\"606\" srcset=\"https:\/\/projectes.xtec.cat\/internacional\/wp-content\/uploads\/usu1767\/2020\/12\/GS2-1024x606.png 1024w, https:\/\/projectes.xtec.cat\/internacional\/wp-content\/uploads\/usu1767\/2020\/12\/GS2-300x178.png 300w, https:\/\/projectes.xtec.cat\/internacional\/wp-content\/uploads\/usu1767\/2020\/12\/GS2-768x454.png 768w, https:\/\/projectes.xtec.cat\/internacional\/wp-content\/uploads\/usu1767\/2020\/12\/GS2.png 1646w\" sizes=\"auto, (max-width: 1024px) 100vw, 1024px\" \/><\/a><\/p>\n<p><strong><a href=\"https:\/\/www.globalcities.org\/\" target=\"_blank\" rel=\"noopener noreferrer\">Global Cities, Inc.\u00a0<\/a><\/strong>ha publicat el document <strong><a href=\"https:\/\/www.globalcities.org\/ffr\" target=\"_blank\" rel=\"noopener noreferrer\">\u201c<em>Far from remote<\/em>\u201d<\/a><\/strong> amb l&#8217;an\u00e0lisi dels resultats de les enquestes realitzades durant el curs 2018-2019 per m\u00e9s de 8500 nois i noies de 47 ciutats d&#8217;arreu del m\u00f3n, tots ells participants del programa <strong><a href=\"https:\/\/www.globalcities.org\/\" target=\"_blank\" rel=\"noopener noreferrer\">Global Scholars<\/a><\/strong>.<\/p>\n<p>&#8220;<em>L&#8217;alumnat pot desenvolupar coneixements i habilitats essencials per al seu futur en aules a dist\u00e0ncia ben plantejades, tals com el pensament cr\u00edtic, les compet\u00e8ncies digitals, el comprom\u00eds global i el treball en equip<\/em>&#8220;.<\/p>\n<p>Molt interessant. No us el perdeu!<\/p>\n<p>&nbsp;<\/p>\n","protected":false},"excerpt":{"rendered":"<p><a href=\"https:\/\/projectes.xtec.cat\/internacional\/wp-content\/uploads\/usu1767\/2020\/12\/GS2.png\"><\/a><br \/>\n<a href=\"https:\/\/www.globalcities.org\/\" target=\"_blank\" rel=\"noopener noreferrer\">Global Cities, Inc.\u00a0<\/a>ha publicat el document <a href=\"https:\/\/www.globalcities.org\/ffr\" target=\"_blank\" rel=\"noopener noreferrer\">\u201cFar from remote\u201d<\/a> amb l&#8217;an\u00e0lisi dels resultats de les enquestes realitzades durant el curs 2018-2019 per m\u00e9s de 8500 nois i noies de 47 ciutats d&#8217;arreu del m\u00f3n, tots ells&hellip;  <a href=\"https:\/\/projectes.xtec.cat\/internacional\/portada\/far-from-remote-un-estudi-sobre-laprenentatge-en-les-aules-virtuals\/\" title=\"Read &#8220;Far from remote&#8221;: un estudi sobre l&#8217;aprenentatge en les aules virtuals\">Llegeix m\u00e9s\u00bb<\/a><\/p>\n","protected":false},"author":1,"featured_media":10166,"comment_status":"open","ping_status":"closed","sticky":false,"template":"","format":"standard","meta":{"_bbp_topic_count":0,"_bbp_reply_count":0,"_bbp_total_topic_count":0,"_bbp_total_reply_count":0,"_bbp_voice_count":0,"_bbp_anonymous_reply_count":0,"_bbp_topic_count_hidden":0,"_bbp_reply_count_hidden":0,"_bbp_forum_subforum_count":0,"footnotes":""},"categories":[29],"tags":[],"class_list":["post-10165","post","type-post","status-publish","format-standard","has-post-thumbnail","hentry","category-portada"],"post_mailing_queue_ids":[],"_links":{"self":[{"href":"https:\/\/projectes.xtec.cat\/internacional\/wp-json\/wp\/v2\/posts\/10165","targetHints":{"allow":["GET"]}}],"collection":[{"href":"https:\/\/projectes.xtec.cat\/internacional\/wp-json\/wp\/v2\/posts"}],"about":[{"href":"https:\/\/projectes.xtec.cat\/internacional\/wp-json\/wp\/v2\/types\/post"}],"author":[{"embeddable":true,"href":"https:\/\/projectes.xtec.cat\/internacional\/wp-json\/wp\/v2\/users\/1"}],"replies":[{"embeddable":true,"href":"https:\/\/projectes.xtec.cat\/internacional\/wp-json\/wp\/v2\/comments?post=10165"}],"version-history":[{"count":3,"href":"https:\/\/projectes.xtec.cat\/internacional\/wp-json\/wp\/v2\/posts\/10165\/revisions"}],"predecessor-version":[{"id":10171,"href":"https:\/\/projectes.xtec.cat\/internacional\/wp-json\/wp\/v2\/posts\/10165\/revisions\/10171"}],"wp:featuredmedia":[{"embeddable":true,"href":"https:\/\/projectes.xtec.cat\/internacional\/wp-json\/wp\/v2\/media\/10166"}],"wp:attachment":[{"href":"https:\/\/projectes.xtec.cat\/internacional\/wp-json\/wp\/v2\/media?parent=10165"}],"wp:term":[{"taxonomy":"category","embeddable":true,"href":"https:\/\/projectes.xtec.cat\/internacional\/wp-json\/wp\/v2\/categories?post=10165"},{"taxonomy":"post_tag","embeddable":true,"href":"https:\/\/projectes.xtec.cat\/internacional\/wp-json\/wp\/v2\/tags?post=10165"}],"curies":[{"name":"wp","href":"https:\/\/api.w.org\/{rel}","templated":true}]}}