{"id":10174,"date":"2020-12-15T13:15:39","date_gmt":"2020-12-15T12:15:39","guid":{"rendered":"http:\/\/projectes.xtec.cat\/internacional\/?p=10174"},"modified":"2021-11-11T12:19:29","modified_gmt":"2021-11-11T11:19:29","slug":"thelma-godel-a-lins-samuel-gili-i-gaya","status":"publish","type":"post","link":"https:\/\/projectes.xtec.cat\/internacional\/auxiliars-de-conversa\/thelma-godel-a-lins-samuel-gili-i-gaya\/","title":{"rendered":"Thelma Godel a l&#8217;INS Samuel Gili i Gaya"},"content":{"rendered":"<p><img loading=\"lazy\" decoding=\"async\" class=\"alignnone size-medium wp-image-10176\" src=\"https:\/\/projectes.xtec.cat\/internacional\/wp-content\/uploads\/usu1767\/2020\/12\/IThelma-Godel-300x176.png\" alt=\"\" width=\"300\" height=\"176\" \/><\/p>\n<p>En <a href=\"https:\/\/view.genial.ly\/5f6b7f9da5d672131120f5dc\/video-presentation-auxiliar-de-conversa-francais-ins-samuel-gili-i-gaya-lleida\" target=\"_blank\" rel=\"noopener noreferrer\">aquesta presentaci\u00f3<\/a> veiem l&#8217;experi\u00e8ncia que va viure la Thelma Godel a l&#8217;INS Samuel Gili i Gaya de Lleida. Va ajudar els alumnes a trobar la necessitat de comunicar-se en franc\u00e8s utilitzant material aut\u00e8ntic i creant l&#8217;ambient per discutir i opinar en aquesta llengua. Ella els va donar a con\u00e8ixer la cultura francesa i l&#8217;alumnat li va poder ensenyar la nostra.<\/p>\n<p>Aqu\u00ed veiem una mostra del que pot representar l&#8217;auxiliar de conversa per als alumnes i qu\u00e8\u00a0 pot aportar el programa al mateix auxiliar.<\/p>\n<p>&nbsp;<\/p>\n","protected":false},"excerpt":{"rendered":"<p>En <a href=\"https:\/\/view.genial.ly\/5f6b7f9da5d672131120f5dc\/video-presentation-auxiliar-de-conversa-francais-ins-samuel-gili-i-gaya-lleida\" target=\"_blank\" rel=\"noopener noreferrer\">aquesta presentaci\u00f3<\/a> veiem l&#8217;experi\u00e8ncia que va viure la Thelma Godel a l&#8217;INS Samuel Gili i Gaya de Lleida. Va ajudar els alumnes a trobar la necessitat de comunicar-se en franc\u00e8s utilitzant material aut\u00e8ntic i creant l&#8217;ambient per discutir i opinar&hellip;  <a href=\"https:\/\/projectes.xtec.cat\/internacional\/auxiliars-de-conversa\/thelma-godel-a-lins-samuel-gili-i-gaya\/\" title=\"Read Thelma Godel a l&#8217;INS Samuel Gili i Gaya\">Llegeix m\u00e9s\u00bb<\/a><\/p>\n","protected":false},"author":1,"featured_media":10176,"comment_status":"open","ping_status":"closed","sticky":false,"template":"","format":"standard","meta":{"_bbp_topic_count":0,"_bbp_reply_count":0,"_bbp_total_topic_count":0,"_bbp_total_reply_count":0,"_bbp_voice_count":0,"_bbp_anonymous_reply_count":0,"_bbp_topic_count_hidden":0,"_bbp_reply_count_hidden":0,"_bbp_forum_subforum_count":0,"footnotes":""},"categories":[289,314],"tags":[356,288],"class_list":["post-10174","post","type-post","status-publish","format-standard","has-post-thumbnail","hentry","category-auxiliars-de-conversa","category-experiencies-dauxiliars","tag-auxilia","tag-auxiliars-de-conversa"],"post_mailing_queue_ids":[],"_links":{"self":[{"href":"https:\/\/projectes.xtec.cat\/internacional\/wp-json\/wp\/v2\/posts\/10174","targetHints":{"allow":["GET"]}}],"collection":[{"href":"https:\/\/projectes.xtec.cat\/internacional\/wp-json\/wp\/v2\/posts"}],"about":[{"href":"https:\/\/projectes.xtec.cat\/internacional\/wp-json\/wp\/v2\/types\/post"}],"author":[{"embeddable":true,"href":"https:\/\/projectes.xtec.cat\/internacional\/wp-json\/wp\/v2\/users\/1"}],"replies":[{"embeddable":true,"href":"https:\/\/projectes.xtec.cat\/internacional\/wp-json\/wp\/v2\/comments?post=10174"}],"version-history":[{"count":3,"href":"https:\/\/projectes.xtec.cat\/internacional\/wp-json\/wp\/v2\/posts\/10174\/revisions"}],"predecessor-version":[{"id":10178,"href":"https:\/\/projectes.xtec.cat\/internacional\/wp-json\/wp\/v2\/posts\/10174\/revisions\/10178"}],"wp:featuredmedia":[{"embeddable":true,"href":"https:\/\/projectes.xtec.cat\/internacional\/wp-json\/wp\/v2\/media\/10176"}],"wp:attachment":[{"href":"https:\/\/projectes.xtec.cat\/internacional\/wp-json\/wp\/v2\/media?parent=10174"}],"wp:term":[{"taxonomy":"category","embeddable":true,"href":"https:\/\/projectes.xtec.cat\/internacional\/wp-json\/wp\/v2\/categories?post=10174"},{"taxonomy":"post_tag","embeddable":true,"href":"https:\/\/projectes.xtec.cat\/internacional\/wp-json\/wp\/v2\/tags?post=10174"}],"curies":[{"name":"wp","href":"https:\/\/api.w.org\/{rel}","templated":true}]}}