{"id":10202,"date":"2021-01-08T13:42:33","date_gmt":"2021-01-08T12:42:33","guid":{"rendered":"http:\/\/projectes.xtec.cat\/internacional\/?p=10202"},"modified":"2021-01-25T17:54:16","modified_gmt":"2021-01-25T16:54:16","slug":"places-per-a-esdeveniments-formatius-etwinning","status":"publish","type":"post","link":"https:\/\/projectes.xtec.cat\/internacional\/general\/places-per-a-esdeveniments-formatius-etwinning\/","title":{"rendered":"Places per a esdeveniments formatius eTwinning 2021"},"content":{"rendered":"<p>&nbsp;<\/p>\n<p><a href=\"https:\/\/projectes.xtec.cat\/internacional\/wp-content\/uploads\/usu1767\/2021\/01\/esdeveniments.png\"><img loading=\"lazy\" decoding=\"async\" class=\"alignnone size-medium wp-image-10213\" src=\"https:\/\/projectes.xtec.cat\/internacional\/wp-content\/uploads\/usu1767\/2021\/01\/esdeveniments-300x249.png\" alt=\"\" width=\"300\" height=\"249\" srcset=\"https:\/\/projectes.xtec.cat\/internacional\/wp-content\/uploads\/usu1767\/2021\/01\/esdeveniments-300x250.png 300w, https:\/\/projectes.xtec.cat\/internacional\/wp-content\/uploads\/usu1767\/2021\/01\/esdeveniments-768x636.png 768w, https:\/\/projectes.xtec.cat\/internacional\/wp-content\/uploads\/usu1767\/2021\/01\/esdeveniments.png 886w\" sizes=\"auto, (max-width: 300px) 100vw, 300px\" \/><\/a><\/p>\n<p>Ja teniu publicat al BOE l&#8217;Extracte de la <a href=\"https:\/\/www.boe.es\/boe\/dias\/2021\/01\/08\/pdfs\/BOE-B-2021-606.pdf\" target=\"_blank\" rel=\"noopener noreferrer\">Resoluci\u00f3 de 23 de desembre 2020<\/a>, de la Secretaria d&#8217;Estat d&#8217;Educaci\u00f3 per la qual es convoquen <strong>places d&#8217;assist\u00e8ncia a esdeveniments formatius dins del marc de l&#8217;acci\u00f3 eTwinning per al 2021<\/strong>.<\/p>\n<p><span style=\"font-family: inherit; font-size: 1em;\">Podeu trobar tota la informaci\u00f3 al Portal del SNA eTwinning: <\/span><a style=\"font-family: inherit; font-size: 1em;\" href=\"https:\/\/www.boe.es\/boe\/dias\/2021\/01\/08\/pdfs\/BOE-B-2021-606.pdf\" target=\"_blank\" rel=\"noopener noreferrer\">https:\/\/www.boe.es\/boe\/dias\/2021\/01\/08\/pdfs\/BOE-B-2021-606.pdf<\/a><\/p>\n<p>El termini per a la presentaci\u00f3 de sol.licituds \u00e9s del 9 al 23 de gener 2021.<\/p>\n","protected":false},"excerpt":{"rendered":"<p>&nbsp;<br \/>\n<a href=\"https:\/\/projectes.xtec.cat\/internacional\/wp-content\/uploads\/usu1767\/2021\/01\/esdeveniments.png\"><\/a><br \/>\nJa teniu publicat al BOE l&#8217;Extracte de la <a href=\"https:\/\/www.boe.es\/boe\/dias\/2021\/01\/08\/pdfs\/BOE-B-2021-606.pdf\" target=\"_blank\" rel=\"noopener noreferrer\">Resoluci\u00f3 de 23 de desembre 2020<\/a>, de la Secretaria d&#8217;Estat d&#8217;Educaci\u00f3 per la qual es convoquen places d&#8217;assist\u00e8ncia a esdeveniments formatius dins del marc de l&#8217;acci\u00f3 eTwinning per al 2021.<br \/>\nPodeu trobar tota&hellip;  <a href=\"https:\/\/projectes.xtec.cat\/internacional\/general\/places-per-a-esdeveniments-formatius-etwinning\/\" title=\"Read Places per a esdeveniments formatius eTwinning 2021\">Llegeix m\u00e9s\u00bb<\/a><\/p>\n","protected":false},"author":1,"featured_media":10213,"comment_status":"open","ping_status":"closed","sticky":false,"template":"","format":"standard","meta":{"_bbp_topic_count":0,"_bbp_reply_count":0,"_bbp_total_topic_count":0,"_bbp_total_reply_count":0,"_bbp_voice_count":0,"_bbp_anonymous_reply_count":0,"_bbp_topic_count_hidden":0,"_bbp_reply_count_hidden":0,"_bbp_forum_subforum_count":0,"footnotes":""},"categories":[1],"tags":[],"class_list":["post-10202","post","type-post","status-publish","format-standard","has-post-thumbnail","hentry","category-general"],"post_mailing_queue_ids":[],"_links":{"self":[{"href":"https:\/\/projectes.xtec.cat\/internacional\/wp-json\/wp\/v2\/posts\/10202","targetHints":{"allow":["GET"]}}],"collection":[{"href":"https:\/\/projectes.xtec.cat\/internacional\/wp-json\/wp\/v2\/posts"}],"about":[{"href":"https:\/\/projectes.xtec.cat\/internacional\/wp-json\/wp\/v2\/types\/post"}],"author":[{"embeddable":true,"href":"https:\/\/projectes.xtec.cat\/internacional\/wp-json\/wp\/v2\/users\/1"}],"replies":[{"embeddable":true,"href":"https:\/\/projectes.xtec.cat\/internacional\/wp-json\/wp\/v2\/comments?post=10202"}],"version-history":[{"count":3,"href":"https:\/\/projectes.xtec.cat\/internacional\/wp-json\/wp\/v2\/posts\/10202\/revisions"}],"predecessor-version":[{"id":10216,"href":"https:\/\/projectes.xtec.cat\/internacional\/wp-json\/wp\/v2\/posts\/10202\/revisions\/10216"}],"wp:featuredmedia":[{"embeddable":true,"href":"https:\/\/projectes.xtec.cat\/internacional\/wp-json\/wp\/v2\/media\/10213"}],"wp:attachment":[{"href":"https:\/\/projectes.xtec.cat\/internacional\/wp-json\/wp\/v2\/media?parent=10202"}],"wp:term":[{"taxonomy":"category","embeddable":true,"href":"https:\/\/projectes.xtec.cat\/internacional\/wp-json\/wp\/v2\/categories?post=10202"},{"taxonomy":"post_tag","embeddable":true,"href":"https:\/\/projectes.xtec.cat\/internacional\/wp-json\/wp\/v2\/tags?post=10202"}],"curies":[{"name":"wp","href":"https:\/\/api.w.org\/{rel}","templated":true}]}}