{"id":10219,"date":"2021-01-25T09:20:00","date_gmt":"2021-01-25T08:20:00","guid":{"rendered":"http:\/\/projectes.xtec.cat\/internacional\/?p=10219"},"modified":"2021-01-25T10:55:36","modified_gmt":"2021-01-25T09:55:36","slug":"nova-convocatoria-per-sollicitar-auxiliars-de-conversa-per-al-curs-2021-2022","status":"publish","type":"post","link":"https:\/\/projectes.xtec.cat\/internacional\/general\/nova-convocatoria-per-sollicitar-auxiliars-de-conversa-per-al-curs-2021-2022\/","title":{"rendered":"Nova convocat\u00f2ria per sol\u00b7licitar auxiliars de conversa per al curs 2021-2022"},"content":{"rendered":"<p><img loading=\"lazy\" decoding=\"async\" class=\"alignnone size-medium wp-image-10227\" src=\"https:\/\/projectes.xtec.cat\/internacional\/wp-content\/uploads\/usu1767\/2021\/01\/Imagen-3-300x153.png\" alt=\"\" width=\"300\" height=\"153\" srcset=\"https:\/\/projectes.xtec.cat\/internacional\/wp-content\/uploads\/usu1767\/2021\/01\/Imagen-3-300x153.png 300w, https:\/\/projectes.xtec.cat\/internacional\/wp-content\/uploads\/usu1767\/2021\/01\/Imagen-3.png 502w\" sizes=\"auto, (max-width: 300px) 100vw, 300px\" \/><\/p>\n<p>S&#8217;inicia el\u00a0 per\u00edode per sol\u00b7licitar auxiliar de conversa per al curs 2021-22 per als centres p\u00fablics de Catalunya. Trobareu les <a href=\"https:\/\/espai.educacio.gencat.cat\/Centres\/Projectes-educatius\/Auxiliars-conversa\/Pagines\/default.aspx\" target=\"_blank\" rel=\"noopener noreferrer\">instruccions, els requisits de participaci\u00f3 i la sol\u00b7licitud<\/a> al Portal de centre. Podeu presentar les vostres sol\u00b7licituds fins el 5 de febrer.<\/p>\n<p>En aquest mateix web tant els centres com els auxiliars podeu informar-vos sobre el programa, resoldre els dubtes que pugueu tenir i con\u00e8ixer experi\u00e8ncies. Per qualsevol altra informaci\u00f3 que necessiteu, us podeu adre\u00e7ar a auxiliars.conversa<span class=\"atwho-query\">@xtec.cat.<\/span><\/p>\n<p>&nbsp;<\/p>\n<p>&nbsp;<\/p>\n","protected":false},"excerpt":{"rendered":"<p>S&#8217;inicia el\u00a0 per\u00edode per sol\u00b7licitar auxiliar de conversa per al curs 2021-22 per als centres p\u00fablics de Catalunya. Trobareu les <a href=\"https:\/\/espai.educacio.gencat.cat\/Centres\/Projectes-educatius\/Auxiliars-conversa\/Pagines\/default.aspx\" target=\"_blank\" rel=\"noopener noreferrer\">instruccions, els requisits de participaci\u00f3 i la sol\u00b7licitud<\/a> al Portal de centre. Podeu presentar les vostres sol\u00b7licituds fins el 5 de&hellip;  <a href=\"https:\/\/projectes.xtec.cat\/internacional\/general\/nova-convocatoria-per-sollicitar-auxiliars-de-conversa-per-al-curs-2021-2022\/\" title=\"Read Nova convocat\u00f2ria per sol\u00b7licitar auxiliars de conversa per al curs 2021-2022\">Llegeix m\u00e9s\u00bb<\/a><\/p>\n","protected":false},"author":1,"featured_media":10227,"comment_status":"open","ping_status":"closed","sticky":false,"template":"","format":"standard","meta":{"_bbp_topic_count":0,"_bbp_reply_count":0,"_bbp_total_topic_count":0,"_bbp_total_reply_count":0,"_bbp_voice_count":0,"_bbp_anonymous_reply_count":0,"_bbp_topic_count_hidden":0,"_bbp_reply_count_hidden":0,"_bbp_forum_subforum_count":0,"footnotes":""},"categories":[289,1,303,29],"tags":[288],"class_list":["post-10219","post","type-post","status-publish","format-standard","has-post-thumbnail","hentry","category-auxiliars-de-conversa","category-general","category-noticies-dauxiliars","category-portada","tag-auxiliars-de-conversa"],"post_mailing_queue_ids":[],"_links":{"self":[{"href":"https:\/\/projectes.xtec.cat\/internacional\/wp-json\/wp\/v2\/posts\/10219","targetHints":{"allow":["GET"]}}],"collection":[{"href":"https:\/\/projectes.xtec.cat\/internacional\/wp-json\/wp\/v2\/posts"}],"about":[{"href":"https:\/\/projectes.xtec.cat\/internacional\/wp-json\/wp\/v2\/types\/post"}],"author":[{"embeddable":true,"href":"https:\/\/projectes.xtec.cat\/internacional\/wp-json\/wp\/v2\/users\/1"}],"replies":[{"embeddable":true,"href":"https:\/\/projectes.xtec.cat\/internacional\/wp-json\/wp\/v2\/comments?post=10219"}],"version-history":[{"count":2,"href":"https:\/\/projectes.xtec.cat\/internacional\/wp-json\/wp\/v2\/posts\/10219\/revisions"}],"predecessor-version":[{"id":10248,"href":"https:\/\/projectes.xtec.cat\/internacional\/wp-json\/wp\/v2\/posts\/10219\/revisions\/10248"}],"wp:featuredmedia":[{"embeddable":true,"href":"https:\/\/projectes.xtec.cat\/internacional\/wp-json\/wp\/v2\/media\/10227"}],"wp:attachment":[{"href":"https:\/\/projectes.xtec.cat\/internacional\/wp-json\/wp\/v2\/media?parent=10219"}],"wp:term":[{"taxonomy":"category","embeddable":true,"href":"https:\/\/projectes.xtec.cat\/internacional\/wp-json\/wp\/v2\/categories?post=10219"},{"taxonomy":"post_tag","embeddable":true,"href":"https:\/\/projectes.xtec.cat\/internacional\/wp-json\/wp\/v2\/tags?post=10219"}],"curies":[{"name":"wp","href":"https:\/\/api.w.org\/{rel}","templated":true}]}}