{"id":10344,"date":"2021-03-25T14:10:07","date_gmt":"2021-03-25T13:10:07","guid":{"rendered":"http:\/\/projectes.xtec.cat\/internacional\/?p=10344"},"modified":"2021-03-26T12:46:23","modified_gmt":"2021-03-26T11:46:23","slug":"publicacio-de-la-guia-erasmus2021","status":"publish","type":"post","link":"https:\/\/projectes.xtec.cat\/internacional\/general\/publicacio-de-la-guia-erasmus2021\/","title":{"rendered":"Publicaci\u00f3 de la Guia Erasmus+2021"},"content":{"rendered":"<p>&nbsp;<\/p>\n<p><img loading=\"lazy\" decoding=\"async\" class=\"alignnone size-medium wp-image-10349\" src=\"https:\/\/projectes.xtec.cat\/internacional\/wp-content\/uploads\/usu1767\/2021\/03\/new-erasmus-300x113.png\" alt=\"\" width=\"300\" height=\"113\" srcset=\"https:\/\/projectes.xtec.cat\/internacional\/wp-content\/uploads\/usu1767\/2021\/03\/new-erasmus-300x113.png 300w, https:\/\/projectes.xtec.cat\/internacional\/wp-content\/uploads\/usu1767\/2021\/03\/new-erasmus-768x289.png 768w, https:\/\/projectes.xtec.cat\/internacional\/wp-content\/uploads\/usu1767\/2021\/03\/new-erasmus-1024x385.png 1024w, https:\/\/projectes.xtec.cat\/internacional\/wp-content\/uploads\/usu1767\/2021\/03\/new-erasmus.png 1660w\" sizes=\"auto, (max-width: 300px) 100vw, 300px\" \/><\/p>\n<p>La Comissi\u00f3 Europea ha publicat la <a href=\"https:\/\/ec.europa.eu\/programmes\/erasmus-plus\/programme-guide\/introduction\/how-to-read-programme-guide_en\" target=\"_blank\" rel=\"noopener noreferrer\">Guia Erasmus+2021<\/a> que dona informaci\u00f3 sobre els objectius, les prioritats i les caracter\u00edstiques principals del nou programa Erasmus+ que comen\u00e7a a estar vigent.<\/p>\n<p>Trobareu informaci\u00f3 espec\u00edfica sobre les noves Accions,\u00a0 el proc\u00e9s que caldr\u00e0 seguir per demanar subvencions i a quins projectes es poden adre\u00e7ar.<\/p>\n<p>Ara ja podem llegir-la per con\u00e8ixer totes les possibilitats que ens obre i comen\u00e7ar a dissenyar els projectes que ens ajudaran a millorar els nostres centres educatius. Molta for\u00e7a a tothom per poder aprofitar aquesta oportunitat!<\/p>\n","protected":false},"excerpt":{"rendered":"<p>&nbsp;<\/p>\n<p>La Comissi\u00f3 Europea ha publicat la <a href=\"https:\/\/ec.europa.eu\/programmes\/erasmus-plus\/programme-guide\/introduction\/how-to-read-programme-guide_en\" target=\"_blank\" rel=\"noopener noreferrer\">Guia Erasmus+2021<\/a> que dona informaci\u00f3 sobre els objectius, les prioritats i les caracter\u00edstiques principals del nou programa Erasmus+ que comen\u00e7a a estar vigent.<br \/>\nTrobareu informaci\u00f3 espec\u00edfica sobre les noves Accions,\u00a0 el proc\u00e9s que caldr\u00e0 seguir per&hellip;  <a href=\"https:\/\/projectes.xtec.cat\/internacional\/general\/publicacio-de-la-guia-erasmus2021\/\" title=\"Read Publicaci\u00f3 de la Guia Erasmus+2021\">Llegeix m\u00e9s\u00bb<\/a><\/p>\n","protected":false},"author":1,"featured_media":10349,"comment_status":"open","ping_status":"closed","sticky":false,"template":"","format":"standard","meta":{"_bbp_topic_count":0,"_bbp_reply_count":0,"_bbp_total_topic_count":0,"_bbp_total_reply_count":0,"_bbp_voice_count":0,"_bbp_anonymous_reply_count":0,"_bbp_topic_count_hidden":0,"_bbp_reply_count_hidden":0,"_bbp_forum_subforum_count":0,"footnotes":""},"categories":[311,1,29,309],"tags":[297],"class_list":["post-10344","post","type-post","status-publish","format-standard","has-post-thumbnail","hentry","category-erasmus","category-general","category-portada","category-programa-erasmus-2021-2027","tag-erasmus"],"post_mailing_queue_ids":[],"_links":{"self":[{"href":"https:\/\/projectes.xtec.cat\/internacional\/wp-json\/wp\/v2\/posts\/10344","targetHints":{"allow":["GET"]}}],"collection":[{"href":"https:\/\/projectes.xtec.cat\/internacional\/wp-json\/wp\/v2\/posts"}],"about":[{"href":"https:\/\/projectes.xtec.cat\/internacional\/wp-json\/wp\/v2\/types\/post"}],"author":[{"embeddable":true,"href":"https:\/\/projectes.xtec.cat\/internacional\/wp-json\/wp\/v2\/users\/1"}],"replies":[{"embeddable":true,"href":"https:\/\/projectes.xtec.cat\/internacional\/wp-json\/wp\/v2\/comments?post=10344"}],"version-history":[{"count":3,"href":"https:\/\/projectes.xtec.cat\/internacional\/wp-json\/wp\/v2\/posts\/10344\/revisions"}],"predecessor-version":[{"id":10354,"href":"https:\/\/projectes.xtec.cat\/internacional\/wp-json\/wp\/v2\/posts\/10344\/revisions\/10354"}],"wp:featuredmedia":[{"embeddable":true,"href":"https:\/\/projectes.xtec.cat\/internacional\/wp-json\/wp\/v2\/media\/10349"}],"wp:attachment":[{"href":"https:\/\/projectes.xtec.cat\/internacional\/wp-json\/wp\/v2\/media?parent=10344"}],"wp:term":[{"taxonomy":"category","embeddable":true,"href":"https:\/\/projectes.xtec.cat\/internacional\/wp-json\/wp\/v2\/categories?post=10344"},{"taxonomy":"post_tag","embeddable":true,"href":"https:\/\/projectes.xtec.cat\/internacional\/wp-json\/wp\/v2\/tags?post=10344"}],"curies":[{"name":"wp","href":"https:\/\/api.w.org\/{rel}","templated":true}]}}