{"id":10471,"date":"2021-05-07T08:19:57","date_gmt":"2021-05-07T06:19:57","guid":{"rendered":"http:\/\/projectes.xtec.cat\/internacional\/?p=10471"},"modified":"2021-05-07T08:20:47","modified_gmt":"2021-05-07T06:20:47","slug":"convocatoria-erasmus-sobre-el-termini-per-sollicitar-els-nous-projectes-ka1","status":"publish","type":"post","link":"https:\/\/projectes.xtec.cat\/internacional\/general\/convocatoria-erasmus-sobre-el-termini-per-sollicitar-els-nous-projectes-ka1\/","title":{"rendered":"Convocat\u00f2ria Erasmus+: s&#8217;obre el termini per sol\u00b7licitar els nous projectes KA1"},"content":{"rendered":"<p><img loading=\"lazy\" decoding=\"async\" class=\"alignnone wp-image-10472 \" src=\"https:\/\/projectes.xtec.cat\/internacional\/wp-content\/uploads\/usu1767\/2021\/04\/erasmus2-2021-04-27-100025-1024x366.png\" alt=\"\" width=\"691\" height=\"247\" srcset=\"https:\/\/projectes.xtec.cat\/internacional\/wp-content\/uploads\/usu1767\/2021\/04\/erasmus2-2021-04-27-100025-1024x366.png 1024w, https:\/\/projectes.xtec.cat\/internacional\/wp-content\/uploads\/usu1767\/2021\/04\/erasmus2-2021-04-27-100025-300x107.png 300w, https:\/\/projectes.xtec.cat\/internacional\/wp-content\/uploads\/usu1767\/2021\/04\/erasmus2-2021-04-27-100025-768x274.png 768w, https:\/\/projectes.xtec.cat\/internacional\/wp-content\/uploads\/usu1767\/2021\/04\/erasmus2-2021-04-27-100025.png 1171w\" sizes=\"auto, (max-width: 691px) 100vw, 691px\" \/><\/p>\n<p>Ja ha comen\u00e7at el nou programa Erasmus+ 2021-2027, ple de canvis i noves oportunitats per als nostres centres educatius. El nou programa t\u00e9 la voluntat de ser :<\/p>\n<h3 style=\"padding-left: 80px;\"><strong>+Inclusiu\u00a0 \ud83c\udf10 <\/strong><strong>\u00a0 \u00a0 \u00a0+Sostenible \ud83c\udf08 \u00a0 \u00a0 \u00a0 \u00a0 <\/strong><strong>+Digital\u00a0 \ud83d\udcbb<\/strong><\/h3>\n<p>Ara ja podem descobrir tot el que ens ofereix i comen\u00e7ar a<a href=\"https:\/\/t.co\/lSAP13qsHb?amp=1\"> sol\u00b7licitar el finan\u00e7ament<\/a> per als nostres projectes. La primera convocat\u00f2ria la tenim molt a prop. El dia 11 de maig acaba el per\u00edode per sol\u00b7licitar els projectes KA121 i KA122. Des d&#8217;aquestes p\u00e0gines us anirem informant sobre les noves accions i les possibilitats que ofereixen. Anirem actualitzant la informaci\u00f3 a mesura que l&#8217;anem rebent.<\/p>\n<p>A continuaci\u00f3 podeu veure un petit resum de la nova acci\u00f3 KA1. Trobareu la informaci\u00f3 completa a la <a href=\"http:\/\/sepie.es\/doc\/convocatoria\/2021\/2021-erasmusplus-programme-guide_v2_es.pdf\" target=\"_blank\" rel=\"noopener noreferrer\">Guia del programa<\/a> i al web del <a href=\"http:\/\/www.sepie.es\/\" target=\"_blank\" rel=\"noopener noreferrer\">SEPIE<\/a>.<\/p>\n<p><strong>Qui es pot presentar a la convocat\u00f2ria de l&#8217;11 de maig?<\/strong><\/p>\n<p style=\"padding-left: 40px;\"><strong>\ud83d\udd36\u00a0KA121<\/strong>: Centres educatius i autoritats educatives que ja han obtingut l&#8217;acreditaci\u00f3 a la convocat\u00f2ria del 2020 (KA120). En aquest cas nom\u00e9s han d&#8217;omplir el formulari demanat el finan\u00e7ament que necessiten per als projectes que ja van demanar al sol\u00b7licitar l&#8217;acreditaci\u00f3. En aquest cas per les mobilitzacions que han projectat per 15 mesos, ampliables a 24.<\/p>\n<p style=\"padding-left: 40px;\"><strong>\ud83d\udd36 KA122:\u00a0<\/strong>Centres educatius que no tenen l&#8217;acreditaci\u00f3 i volen demanar un projecte de curta durada (de 6 a 18 mesos).<\/p>\n<p><strong style=\"font-family: inherit; font-size: 1em;\">Quines activitats es poden fer?<\/strong><\/p>\n<p>El nou KA1 est\u00e0 centrar en les mobilitats d&#8217;alumnes i personal, aix\u00f2 vol dir que aquesta nova acci\u00f3 encabeix els antics KA101, KA104 i KA229.\u00a0 Ara hi podem fer les seg\u00fcents activitats, entre d&#8217;altres:<\/p>\n<ul>\n<li style=\"list-style-type: none;\">\n<ul>\n<li style=\"list-style-type: none;\">\n<ul>\n<li style=\"list-style-type: none;\">\n<ul style=\"list-style-type: circle;\">\n<li><span style=\"font-family: inherit; font-size: 1em;\">Mobilitat de professorat (job shadowing, doc\u00e8ncia, formaci\u00f3)<\/span><\/li>\n<li>Mobilitat d&#8217;alumnes (en grup o individual de curta o llarga durada)<\/li>\n<li>Acollir experts o professors novells<\/li>\n<li>Visites preparat\u00f2ries<\/li>\n<\/ul>\n<\/li>\n<\/ul>\n<\/li>\n<\/ul>\n<\/li>\n<\/ul>\n<p>Esperem que us animeu a explorar el nou programa. L&#8217;equip del Servei de Lleng\u00fces Estrangeres i d&#8217;Origen estarem al vostre costat per facilitar-vos la feina.<\/p>\n","protected":false},"excerpt":{"rendered":"<p>Ja ha comen\u00e7at el nou programa Erasmus+ 2021-2027, ple de canvis i noves oportunitats per als nostres centres educatius. El nou programa t\u00e9 la voluntat de ser :<br \/>\n+Inclusiu\u00a0 \ud83c\udf10 \u00a0 \u00a0 \u00a0+Sostenible \ud83c\udf08 \u00a0 \u00a0 \u00a0 \u00a0 +Digital\u00a0 \ud83d\udcbb<br \/>\nAra ja podem descobrir tot el que&hellip;  <a href=\"https:\/\/projectes.xtec.cat\/internacional\/general\/convocatoria-erasmus-sobre-el-termini-per-sollicitar-els-nous-projectes-ka1\/\" title=\"Read Convocat\u00f2ria Erasmus+: s&#8217;obre el termini per sol\u00b7licitar els nous projectes KA1\">Llegeix m\u00e9s\u00bb<\/a><\/p>\n","protected":false},"author":1,"featured_media":10472,"comment_status":"open","ping_status":"closed","sticky":false,"template":"","format":"standard","meta":{"_bbp_topic_count":0,"_bbp_reply_count":0,"_bbp_total_topic_count":0,"_bbp_total_reply_count":0,"_bbp_voice_count":0,"_bbp_anonymous_reply_count":0,"_bbp_topic_count_hidden":0,"_bbp_reply_count_hidden":0,"_bbp_forum_subforum_count":0,"footnotes":""},"categories":[311,1,29,309],"tags":[],"class_list":["post-10471","post","type-post","status-publish","format-standard","has-post-thumbnail","hentry","category-erasmus","category-general","category-portada","category-programa-erasmus-2021-2027"],"post_mailing_queue_ids":[],"_links":{"self":[{"href":"https:\/\/projectes.xtec.cat\/internacional\/wp-json\/wp\/v2\/posts\/10471","targetHints":{"allow":["GET"]}}],"collection":[{"href":"https:\/\/projectes.xtec.cat\/internacional\/wp-json\/wp\/v2\/posts"}],"about":[{"href":"https:\/\/projectes.xtec.cat\/internacional\/wp-json\/wp\/v2\/types\/post"}],"author":[{"embeddable":true,"href":"https:\/\/projectes.xtec.cat\/internacional\/wp-json\/wp\/v2\/users\/1"}],"replies":[{"embeddable":true,"href":"https:\/\/projectes.xtec.cat\/internacional\/wp-json\/wp\/v2\/comments?post=10471"}],"version-history":[{"count":3,"href":"https:\/\/projectes.xtec.cat\/internacional\/wp-json\/wp\/v2\/posts\/10471\/revisions"}],"predecessor-version":[{"id":10492,"href":"https:\/\/projectes.xtec.cat\/internacional\/wp-json\/wp\/v2\/posts\/10471\/revisions\/10492"}],"wp:featuredmedia":[{"embeddable":true,"href":"https:\/\/projectes.xtec.cat\/internacional\/wp-json\/wp\/v2\/media\/10472"}],"wp:attachment":[{"href":"https:\/\/projectes.xtec.cat\/internacional\/wp-json\/wp\/v2\/media?parent=10471"}],"wp:term":[{"taxonomy":"category","embeddable":true,"href":"https:\/\/projectes.xtec.cat\/internacional\/wp-json\/wp\/v2\/categories?post=10471"},{"taxonomy":"post_tag","embeddable":true,"href":"https:\/\/projectes.xtec.cat\/internacional\/wp-json\/wp\/v2\/tags?post=10471"}],"curies":[{"name":"wp","href":"https:\/\/api.w.org\/{rel}","templated":true}]}}