{"id":10552,"date":"2021-05-18T10:35:19","date_gmt":"2021-05-18T08:35:19","guid":{"rendered":"http:\/\/projectes.xtec.cat\/internacional\/?p=10552"},"modified":"2021-05-18T10:46:06","modified_gmt":"2021-05-18T08:46:06","slug":"reconeixement-innovacio-projectes-erasmus-llistat-definitiu","status":"publish","type":"post","link":"https:\/\/projectes.xtec.cat\/internacional\/portada\/reconeixement-innovacio-projectes-erasmus-llistat-definitiu\/","title":{"rendered":"Reconeixement Innovaci\u00f3 projectes Erasmus+ (llistat definitiu)"},"content":{"rendered":"<p><img loading=\"lazy\" decoding=\"async\" class=\"alignnone size-medium wp-image-10554\" src=\"https:\/\/projectes.xtec.cat\/internacional\/wp-content\/uploads\/usu1767\/2021\/05\/Erasmus-2021-05-18-100202-300x75.png\" alt=\"\" width=\"300\" height=\"75\" \/><\/p>\n<p>Al Portal de centres s&#8217;ha publicat el <a href=\"https:\/\/documents.espai.educacio.gencat.cat\/IPCNormativa\/DisposicionsInternes\/20211705_Resolucio_Lllista_definitiva_reconeixement_innovacio.pdf\" target=\"_blank\" rel=\"noopener noreferrer\">llistat definitiu de projectes <\/a> que han estat admesos, no admesos o exclosos a la\u00a0 convocat\u00f2ria de 2021 per al reconeixement de la innovaci\u00f3 pedag\u00f2gica en l&#8217;\u00e0mbit de projectes Erasmus+ (sector escolar i persones adultes).<\/p>\n<p>Recordem que en aquesta convocat\u00f2ria podien sol\u00b7licitar el reconeixement de la innovaci\u00f3 els centres que han implementat un projecte Erasmus+ a partir del curs 2014 i que no hagin estat reconeguts pr\u00e8viament pel Departament d&#8217;Educaci\u00f3.<\/p>\n<p>Un cop resolta la convocat\u00f2ria es procedir\u00e0 a publicar la resoluci\u00f3 de docents a qui es reconeix la innovaci\u00f3, els projectes Erasmus+ en el marc dels quals s\u2019obt\u00e9 el reconeixement i el nombre de cr\u00e8dits d\u2019innovaci\u00f3 obtinguts.<\/p>\n<p>Podeu trobar m\u00e9s informaci\u00f3 sobre el reconeixement d&#8217;innovaci\u00f3 dels projectes Erasmus+ i eTwinning al <a href=\"https:\/\/espai.educacio.gencat.cat\/Centres\/Projectes-educatius\/Erasmus\/Reconeixement_innova\/Pagines\/default.aspx\" target=\"_blank\" rel=\"noopener noreferrer\">Portal de centres<\/a>.<\/p>\n","protected":false},"excerpt":{"rendered":"<p>Al Portal de centres s&#8217;ha publicat el <a href=\"https:\/\/documents.espai.educacio.gencat.cat\/IPCNormativa\/DisposicionsInternes\/20211705_Resolucio_Lllista_definitiva_reconeixement_innovacio.pdf\" target=\"_blank\" rel=\"noopener noreferrer\">llistat definitiu de projectes <\/a> que han estat admesos, no admesos o exclosos a la\u00a0 convocat\u00f2ria de 2021 per al reconeixement de la innovaci\u00f3 pedag\u00f2gica en l&#8217;\u00e0mbit de projectes Erasmus+ (sector escolar i persones&hellip;  <a href=\"https:\/\/projectes.xtec.cat\/internacional\/portada\/reconeixement-innovacio-projectes-erasmus-llistat-definitiu\/\" title=\"Read Reconeixement Innovaci\u00f3 projectes Erasmus+ (llistat definitiu)\">Llegeix m\u00e9s\u00bb<\/a><\/p>\n","protected":false},"author":1,"featured_media":10554,"comment_status":"open","ping_status":"closed","sticky":false,"template":"","format":"standard","meta":{"_bbp_topic_count":0,"_bbp_reply_count":0,"_bbp_total_topic_count":0,"_bbp_total_reply_count":0,"_bbp_voice_count":0,"_bbp_anonymous_reply_count":0,"_bbp_topic_count_hidden":0,"_bbp_reply_count_hidden":0,"_bbp_forum_subforum_count":0,"footnotes":""},"categories":[311,29],"tags":[],"class_list":["post-10552","post","type-post","status-publish","format-standard","has-post-thumbnail","hentry","category-erasmus","category-portada"],"post_mailing_queue_ids":[],"_links":{"self":[{"href":"https:\/\/projectes.xtec.cat\/internacional\/wp-json\/wp\/v2\/posts\/10552","targetHints":{"allow":["GET"]}}],"collection":[{"href":"https:\/\/projectes.xtec.cat\/internacional\/wp-json\/wp\/v2\/posts"}],"about":[{"href":"https:\/\/projectes.xtec.cat\/internacional\/wp-json\/wp\/v2\/types\/post"}],"author":[{"embeddable":true,"href":"https:\/\/projectes.xtec.cat\/internacional\/wp-json\/wp\/v2\/users\/1"}],"replies":[{"embeddable":true,"href":"https:\/\/projectes.xtec.cat\/internacional\/wp-json\/wp\/v2\/comments?post=10552"}],"version-history":[{"count":1,"href":"https:\/\/projectes.xtec.cat\/internacional\/wp-json\/wp\/v2\/posts\/10552\/revisions"}],"predecessor-version":[{"id":10555,"href":"https:\/\/projectes.xtec.cat\/internacional\/wp-json\/wp\/v2\/posts\/10552\/revisions\/10555"}],"wp:featuredmedia":[{"embeddable":true,"href":"https:\/\/projectes.xtec.cat\/internacional\/wp-json\/wp\/v2\/media\/10554"}],"wp:attachment":[{"href":"https:\/\/projectes.xtec.cat\/internacional\/wp-json\/wp\/v2\/media?parent=10552"}],"wp:term":[{"taxonomy":"category","embeddable":true,"href":"https:\/\/projectes.xtec.cat\/internacional\/wp-json\/wp\/v2\/categories?post=10552"},{"taxonomy":"post_tag","embeddable":true,"href":"https:\/\/projectes.xtec.cat\/internacional\/wp-json\/wp\/v2\/tags?post=10552"}],"curies":[{"name":"wp","href":"https:\/\/api.w.org\/{rel}","templated":true}]}}