{"id":10569,"date":"2021-05-28T11:56:46","date_gmt":"2021-05-28T09:56:46","guid":{"rendered":"http:\/\/projectes.xtec.cat\/internacional\/?p=10569"},"modified":"2021-05-28T12:36:30","modified_gmt":"2021-05-28T10:36:30","slug":"oberta-la-convocatoria-destades-dimmersio-linguistica-del-mefp","status":"publish","type":"post","link":"https:\/\/projectes.xtec.cat\/internacional\/general\/oberta-la-convocatoria-destades-dimmersio-linguistica-del-mefp\/","title":{"rendered":"Oberta la convocat\u00f2ria d&#8217;Estades d&#8217;Immersi\u00f3 Ling\u00fc\u00edstica del MEFP"},"content":{"rendered":"<figure class=\"figure wp-caption alignnone\"><img loading=\"lazy\" decoding=\"async\" class=\"wp-image-10570 size-medium\" title=\"www.freepik.com\" src=\"https:\/\/projectes.xtec.cat\/internacional\/wp-content\/uploads\/usu1767\/2021\/05\/three-girls-covering-their-faces-with-painted-palms-300x200.jpg\" alt=\"\" width=\"300\" height=\"200\" srcset=\"https:\/\/projectes.xtec.cat\/internacional\/wp-content\/uploads\/usu1767\/2021\/05\/three-girls-covering-their-faces-with-painted-palms-300x200.jpg 300w, https:\/\/projectes.xtec.cat\/internacional\/wp-content\/uploads\/usu1767\/2021\/05\/three-girls-covering-their-faces-with-painted-palms-768x512.jpg 768w, https:\/\/projectes.xtec.cat\/internacional\/wp-content\/uploads\/usu1767\/2021\/05\/three-girls-covering-their-faces-with-painted-palms-1024x682.jpg 1024w, https:\/\/projectes.xtec.cat\/internacional\/wp-content\/uploads\/usu1767\/2021\/05\/three-girls-covering-their-faces-with-painted-palms.jpg 1732w\" sizes=\"auto, (max-width: 300px) 100vw, 300px\" \/><figcaption class=\"wp-caption-text\">\u00a0<\/figcaption><\/figure>\n<p>S&#8217;ha publicat la\u00a0 convocat\u00f2ria del <b>Programa d&#8217;immersi\u00f3\u00a0ling\u00fc\u00edstica en llengua anglesa\u00a0<\/b>que promou el Ministeri d&#8217;Educaci\u00f3 i Formaci\u00f3 Professional. Es tracta d&#8217;una beca adre\u00e7ada a alumnes de\u00a0<b>6\u00e8 de Prim\u00e0ria\u00a0i 2n de l&#8217;ESO<\/b> per estimular la pr\u00e0ctica oral de la llengua anglesa en entorns comunicatius no formals. Els centres que entrin a la convocat\u00f2ria podran participar amb un grup de 20 a 25 alumnes i coincidiran amb un centre d&#8217;una altra comunitat aut\u00f2noma per tal de promoure la conviv\u00e8ncia i l&#8217;intercanvi entre alumnat i professorat de diferents territoris. Les estades seran d&#8217;una setmana de durada a la tardor de l&#8217;any 2021 o a la primavera del 2022.<\/p>\n<p>L&#8217;eix tem\u00e0tic d&#8217;aquesta edici\u00f3\u00a0t\u00e9 com a t\u00edtol <i><b>&#8220;Science can make a better world&#8221;<\/b><\/i> i es desenvolupa al voltant d&#8217;interessos cient\u00edfics i mediambientals. Generalment, al mat\u00ed es fan activitats comunes i a la tarda es desenvolupa el projecte que ha dissenyat cada centre al voltant de la mateixa tem\u00e0tica.<\/p>\n<p>\u00c9s important tenir en compte que la data l\u00edmit per presentar la sol\u00b7licitud \u00e9s el proper\u00a0<b>dia 14 de juny.<\/b><\/p>\n<div>\n<div>Per m\u00e9s informaci\u00f3 sobre el programa i la sol\u00b7licitud de participaci\u00f3 podeu consultar el seg\u00fcent <a href=\"https:\/\/www.educacionyfp.gob.es\/en\/servicios-al-ciudadano\/catalogo\/estudiantes\/becas-ayudas\/para-estudiar\/idiomas\/inmersion-linguistica.html\" target=\"_blank\" rel=\"noopener noreferrer\">enlla\u00e7<\/a><\/div>\n<div><\/div>\n<div><\/div>\n<\/div>\n","protected":false},"excerpt":{"rendered":"<p>\u00a0<br \/>\nS&#8217;ha publicat la\u00a0 convocat\u00f2ria del Programa d&#8217;immersi\u00f3\u00a0ling\u00fc\u00edstica en llengua anglesa\u00a0que promou el Ministeri d&#8217;Educaci\u00f3 i Formaci\u00f3 Professional. Es tracta d&#8217;una beca adre\u00e7ada a alumnes de\u00a06\u00e8 de Prim\u00e0ria\u00a0i 2n de l&#8217;ESO per estimular la pr\u00e0ctica oral de la llengua anglesa en entorns comunicatius no formals. Els&hellip;  <a href=\"https:\/\/projectes.xtec.cat\/internacional\/general\/oberta-la-convocatoria-destades-dimmersio-linguistica-del-mefp\/\" title=\"Read Oberta la convocat\u00f2ria d&#8217;Estades d&#8217;Immersi\u00f3 Ling\u00fc\u00edstica del MEFP\">Llegeix m\u00e9s\u00bb<\/a><\/p>\n","protected":false},"author":1,"featured_media":10570,"comment_status":"open","ping_status":"closed","sticky":false,"template":"","format":"standard","meta":{"_bbp_topic_count":0,"_bbp_reply_count":0,"_bbp_total_topic_count":0,"_bbp_total_reply_count":0,"_bbp_voice_count":0,"_bbp_anonymous_reply_count":0,"_bbp_topic_count_hidden":0,"_bbp_reply_count_hidden":0,"_bbp_forum_subforum_count":0,"footnotes":""},"categories":[1,29],"tags":[],"class_list":["post-10569","post","type-post","status-publish","format-standard","has-post-thumbnail","hentry","category-general","category-portada"],"post_mailing_queue_ids":[],"_links":{"self":[{"href":"https:\/\/projectes.xtec.cat\/internacional\/wp-json\/wp\/v2\/posts\/10569","targetHints":{"allow":["GET"]}}],"collection":[{"href":"https:\/\/projectes.xtec.cat\/internacional\/wp-json\/wp\/v2\/posts"}],"about":[{"href":"https:\/\/projectes.xtec.cat\/internacional\/wp-json\/wp\/v2\/types\/post"}],"author":[{"embeddable":true,"href":"https:\/\/projectes.xtec.cat\/internacional\/wp-json\/wp\/v2\/users\/1"}],"replies":[{"embeddable":true,"href":"https:\/\/projectes.xtec.cat\/internacional\/wp-json\/wp\/v2\/comments?post=10569"}],"version-history":[{"count":3,"href":"https:\/\/projectes.xtec.cat\/internacional\/wp-json\/wp\/v2\/posts\/10569\/revisions"}],"predecessor-version":[{"id":10575,"href":"https:\/\/projectes.xtec.cat\/internacional\/wp-json\/wp\/v2\/posts\/10569\/revisions\/10575"}],"wp:featuredmedia":[{"embeddable":true,"href":"https:\/\/projectes.xtec.cat\/internacional\/wp-json\/wp\/v2\/media\/10570"}],"wp:attachment":[{"href":"https:\/\/projectes.xtec.cat\/internacional\/wp-json\/wp\/v2\/media?parent=10569"}],"wp:term":[{"taxonomy":"category","embeddable":true,"href":"https:\/\/projectes.xtec.cat\/internacional\/wp-json\/wp\/v2\/categories?post=10569"},{"taxonomy":"post_tag","embeddable":true,"href":"https:\/\/projectes.xtec.cat\/internacional\/wp-json\/wp\/v2\/tags?post=10569"}],"curies":[{"name":"wp","href":"https:\/\/api.w.org\/{rel}","templated":true}]}}