{"id":10803,"date":"2021-11-09T11:43:35","date_gmt":"2021-11-09T10:43:35","guid":{"rendered":"https:\/\/projectes.xtec.cat\/internacional\/?p=10803"},"modified":"2021-12-13T12:25:48","modified_gmt":"2021-12-13T11:25:48","slug":"convocatoria-oberta-per-premis-europeus-etwinning-2022","status":"publish","type":"post","link":"https:\/\/projectes.xtec.cat\/internacional\/portada\/convocatoria-oberta-per-premis-europeus-etwinning-2022\/","title":{"rendered":"Convocat\u00f2ria oberta per Premis Europeus eTwinning 2022"},"content":{"rendered":"<p><a href=\"https:\/\/projectes.xtec.cat\/internacional\/wp-content\/uploads\/usu1767\/2021\/11\/Premi-europeu.png\"><img loading=\"lazy\" decoding=\"async\" class=\"alignnone wp-image-10802\" src=\"https:\/\/projectes.xtec.cat\/internacional\/wp-content\/uploads\/usu1767\/2021\/11\/Premi-europeu.png\" alt=\"\" width=\"168\" height=\"149\" srcset=\"https:\/\/projectes.xtec.cat\/internacional\/wp-content\/uploads\/usu1767\/2021\/11\/Premi-europeu.png 663w, https:\/\/projectes.xtec.cat\/internacional\/wp-content\/uploads\/usu1767\/2021\/11\/Premi-europeu-300x267.png 300w\" sizes=\"auto, (max-width: 168px) 100vw, 168px\" \/><\/a><\/p>\n<p><strong>S&#8217;ha obert la convocat\u00f2ria per presentar projectes als Premis Europeus <span class=\"hiddenSpellError\">eTwinning<\/span> 2022. Es pot presentar la sol\u00b7licitud del 2 al 29 de novembre 2021.<\/strong><br \/>\nEls projectes han d&#8217;haver obtingut el Segell de Qualitat Europeu i estar actius durant el curs acad\u00e8mic 2020-21.<\/p>\n<p>Recordeu que <strong>cada projecte nom\u00e9s podr\u00e0 presentar una candidatura<\/strong>. Per aix\u00f2, es recomana que abans de trametre la sol\u00b7licitud es debati la possibilitat de presentar-lo amb la resta dels socis. Trobareu m\u00e9s informaci\u00f3 sobre com s&#8217;ha de presentar la candidatura del projecte al seg\u00fcent enlla\u00e7: <a href=\"http:\/\/etwinning.es\/es\/premios-europeos-etwinning-2022\/\">http:\/\/etwinning.es\/es\/premios-europeos-etwinning-2022\/<\/a><\/p>\n","protected":false},"excerpt":{"rendered":"<p><a href=\"https:\/\/projectes.xtec.cat\/internacional\/wp-content\/uploads\/usu1767\/2021\/11\/Premi-europeu.png\"><\/a><br \/>\nS&#8217;ha obert la convocat\u00f2ria per presentar projectes als Premis Europeus eTwinning 2022. Es pot presentar la sol\u00b7licitud del 2 al 29 de novembre 2021.<br \/>\nEls projectes han d&#8217;haver obtingut el Segell de Qualitat Europeu i estar actius durant el curs acad\u00e8mic 2020-21.<br \/>\nRecordeu que cada projecte&hellip;  <a href=\"https:\/\/projectes.xtec.cat\/internacional\/portada\/convocatoria-oberta-per-premis-europeus-etwinning-2022\/\" title=\"Read Convocat\u00f2ria oberta per Premis Europeus eTwinning 2022\">Llegeix m\u00e9s\u00bb<\/a><\/p>\n","protected":false},"author":1,"featured_media":10802,"comment_status":"open","ping_status":"closed","sticky":false,"template":"","format":"standard","meta":{"_bbp_topic_count":0,"_bbp_reply_count":0,"_bbp_total_topic_count":0,"_bbp_total_reply_count":0,"_bbp_voice_count":0,"_bbp_anonymous_reply_count":0,"_bbp_topic_count_hidden":0,"_bbp_reply_count_hidden":0,"_bbp_forum_subforum_count":0,"footnotes":""},"categories":[295,367,29],"tags":[],"class_list":["post-10803","post","type-post","status-publish","format-standard","has-post-thumbnail","hentry","category-etwinning","category-noticies-etwinning-etwinning","category-portada"],"post_mailing_queue_ids":[],"_links":{"self":[{"href":"https:\/\/projectes.xtec.cat\/internacional\/wp-json\/wp\/v2\/posts\/10803","targetHints":{"allow":["GET"]}}],"collection":[{"href":"https:\/\/projectes.xtec.cat\/internacional\/wp-json\/wp\/v2\/posts"}],"about":[{"href":"https:\/\/projectes.xtec.cat\/internacional\/wp-json\/wp\/v2\/types\/post"}],"author":[{"embeddable":true,"href":"https:\/\/projectes.xtec.cat\/internacional\/wp-json\/wp\/v2\/users\/1"}],"replies":[{"embeddable":true,"href":"https:\/\/projectes.xtec.cat\/internacional\/wp-json\/wp\/v2\/comments?post=10803"}],"version-history":[{"count":3,"href":"https:\/\/projectes.xtec.cat\/internacional\/wp-json\/wp\/v2\/posts\/10803\/revisions"}],"predecessor-version":[{"id":10809,"href":"https:\/\/projectes.xtec.cat\/internacional\/wp-json\/wp\/v2\/posts\/10803\/revisions\/10809"}],"wp:featuredmedia":[{"embeddable":true,"href":"https:\/\/projectes.xtec.cat\/internacional\/wp-json\/wp\/v2\/media\/10802"}],"wp:attachment":[{"href":"https:\/\/projectes.xtec.cat\/internacional\/wp-json\/wp\/v2\/media?parent=10803"}],"wp:term":[{"taxonomy":"category","embeddable":true,"href":"https:\/\/projectes.xtec.cat\/internacional\/wp-json\/wp\/v2\/categories?post=10803"},{"taxonomy":"post_tag","embeddable":true,"href":"https:\/\/projectes.xtec.cat\/internacional\/wp-json\/wp\/v2\/tags?post=10803"}],"curies":[{"name":"wp","href":"https:\/\/api.w.org\/{rel}","templated":true}]}}