{"id":10811,"date":"2021-11-11T11:50:14","date_gmt":"2021-11-11T10:50:14","guid":{"rendered":"https:\/\/projectes.xtec.cat\/internacional\/?p=10811"},"modified":"2021-11-11T12:16:54","modified_gmt":"2021-11-11T11:16:54","slug":"alex-garrido-tres-anys-al-mon-dels-auxiliars","status":"publish","type":"post","link":"https:\/\/projectes.xtec.cat\/internacional\/general\/alex-garrido-tres-anys-al-mon-dels-auxiliars\/","title":{"rendered":"Alex Garrido, tres anys al m\u00f3n dels auxiliars"},"content":{"rendered":"<p><a href=\"https:\/\/www.youtube.com\/watch?v=YlM9SZl8xFY\"><img loading=\"lazy\" decoding=\"async\" class=\"alignnone size-medium wp-image-10812\" src=\"https:\/\/projectes.xtec.cat\/internacional\/wp-content\/uploads\/usu1767\/2021\/11\/Alex-Garrido-300x158.png\" alt=\"\" width=\"300\" height=\"158\" srcset=\"https:\/\/projectes.xtec.cat\/internacional\/wp-content\/uploads\/usu1767\/2021\/11\/Alex-Garrido-300x158.png 300w, https:\/\/projectes.xtec.cat\/internacional\/wp-content\/uploads\/usu1767\/2021\/11\/Alex-Garrido-768x404.png 768w, https:\/\/projectes.xtec.cat\/internacional\/wp-content\/uploads\/usu1767\/2021\/11\/Alex-Garrido.png 864w\" sizes=\"auto, (max-width: 300px) 100vw, 300px\" \/><\/a><\/p>\n<p>Los auxiliares de conversaci\u00f3n en Espa\u00f1a vivimos una experiencia maravillosa, al igual que un cuento de hadas. Pero como en cualquier cuento, los dragones siempre est\u00e1n al acecho: \u00bfcu\u00e1l es nuestro papel concreto como auxiliar en el aprendizaje de los alumnos? y \u00bfcuales son los obst\u00e1culos que enfrentar en nuestro d\u00eda a d\u00eda? En este <a href=\"https:\/\/www.youtube.com\/watch?v=YlM9SZl8xFY\" target=\"_blank\" rel=\"noopener\">v\u00eddeo<\/a> intento contestar a estas preguntas, y muchas m\u00e1s, para que nuestro cuento de hadas se acabe con un &#8220;fueron felices y comieron perdices&#8221;.<\/p>\n","protected":false},"excerpt":{"rendered":"<p><a href=\"https:\/\/www.youtube.com\/watch?v=YlM9SZl8xFY\"><\/a><br \/>\nLos auxiliares de conversaci\u00f3n en Espa\u00f1a vivimos una experiencia maravillosa, al igual que un cuento de hadas. Pero como en cualquier cuento, los dragones siempre est\u00e1n al acecho: \u00bfcu\u00e1l es nuestro papel concreto como auxiliar en el aprendizaje de los alumnos? y \u00bfcuales son&hellip;  <a href=\"https:\/\/projectes.xtec.cat\/internacional\/general\/alex-garrido-tres-anys-al-mon-dels-auxiliars\/\" title=\"Read Alex Garrido, tres anys al m\u00f3n dels auxiliars\">Llegeix m\u00e9s\u00bb<\/a><\/p>\n","protected":false},"author":1,"featured_media":10812,"comment_status":"open","ping_status":"closed","sticky":false,"template":"","format":"standard","meta":{"_bbp_topic_count":0,"_bbp_reply_count":0,"_bbp_total_topic_count":0,"_bbp_total_reply_count":0,"_bbp_voice_count":0,"_bbp_anonymous_reply_count":0,"_bbp_topic_count_hidden":0,"_bbp_reply_count_hidden":0,"_bbp_forum_subforum_count":0,"footnotes":""},"categories":[314,1],"tags":[],"class_list":["post-10811","post","type-post","status-publish","format-standard","has-post-thumbnail","hentry","category-experiencies-dauxiliars","category-general"],"post_mailing_queue_ids":[],"_links":{"self":[{"href":"https:\/\/projectes.xtec.cat\/internacional\/wp-json\/wp\/v2\/posts\/10811","targetHints":{"allow":["GET"]}}],"collection":[{"href":"https:\/\/projectes.xtec.cat\/internacional\/wp-json\/wp\/v2\/posts"}],"about":[{"href":"https:\/\/projectes.xtec.cat\/internacional\/wp-json\/wp\/v2\/types\/post"}],"author":[{"embeddable":true,"href":"https:\/\/projectes.xtec.cat\/internacional\/wp-json\/wp\/v2\/users\/1"}],"replies":[{"embeddable":true,"href":"https:\/\/projectes.xtec.cat\/internacional\/wp-json\/wp\/v2\/comments?post=10811"}],"version-history":[{"count":1,"href":"https:\/\/projectes.xtec.cat\/internacional\/wp-json\/wp\/v2\/posts\/10811\/revisions"}],"predecessor-version":[{"id":10813,"href":"https:\/\/projectes.xtec.cat\/internacional\/wp-json\/wp\/v2\/posts\/10811\/revisions\/10813"}],"wp:featuredmedia":[{"embeddable":true,"href":"https:\/\/projectes.xtec.cat\/internacional\/wp-json\/wp\/v2\/media\/10812"}],"wp:attachment":[{"href":"https:\/\/projectes.xtec.cat\/internacional\/wp-json\/wp\/v2\/media?parent=10811"}],"wp:term":[{"taxonomy":"category","embeddable":true,"href":"https:\/\/projectes.xtec.cat\/internacional\/wp-json\/wp\/v2\/categories?post=10811"},{"taxonomy":"post_tag","embeddable":true,"href":"https:\/\/projectes.xtec.cat\/internacional\/wp-json\/wp\/v2\/tags?post=10811"}],"curies":[{"name":"wp","href":"https:\/\/api.w.org\/{rel}","templated":true}]}}