{"id":10965,"date":"2022-01-12T09:36:27","date_gmt":"2022-01-12T08:36:27","guid":{"rendered":"https:\/\/projectes.xtec.cat\/internacional\/?p=10965"},"modified":"2022-01-17T15:42:13","modified_gmt":"2022-01-17T14:42:13","slug":"oberta-la-convocatoria-per-demanar-auxiliar-de-conversa-per-al-curs-2022-23","status":"publish","type":"post","link":"https:\/\/projectes.xtec.cat\/internacional\/general\/oberta-la-convocatoria-per-demanar-auxiliar-de-conversa-per-al-curs-2022-23\/","title":{"rendered":"Oberta la convocat\u00f2ria per demanar Auxiliar de Conversa per al curs 2022-23"},"content":{"rendered":"<p><img loading=\"lazy\" decoding=\"async\" class=\"alignnone wp-image-10967\" src=\"https:\/\/projectes.xtec.cat\/internacional\/wp-content\/uploads\/usu1767\/2022\/01\/welcome-Ben2-Suny-2-scaled-e1641974776772.jpg\" alt=\"\" width=\"264\" height=\"165\" \/><\/p>\n<p>S&#8217;inicia el\u00a0 per\u00edode per sol\u00b7licitar auxiliar de conversa per al curs 2022-23 per als centres p\u00fablics de Catalunya. La convocat\u00f2ria amb tota la informaci\u00f3 necess\u00e0ria per presentar la sol\u00b7licitud est\u00e0 publicada al Portal de centre i s&#8217;hi pot accedir des del seg\u00fcent <a href=\"https:\/\/espai.educacio.gencat.cat\/Centres\/Projectes-educatius\/Auxiliars-conversa\/Pagines\/default.aspx\" target=\"_blank\" rel=\"noopener\">enlla\u00e7<\/a>.<\/p>\n<p>El per\u00edode per presentar la sol\u00b7licitud acaba el dia 31 de gener. El llistat amb els centres seleccionats es publicar\u00e0 al Portal de centre durant el mes de mar\u00e7.<\/p>\n<p>En aquesta mateixa web es recull informaci\u00f3 sobre el programa, els requisits que cal complir per accedir-hi i es poden consultar activitats que han fet els auxiliars. Es pot demanar qualsevol altra informaci\u00f3 sobre el programa al seg\u00fcent correu: <a href=\"mailto:auxiliars.conversa@xtec.cat\">auxiliars.conversa@xtec.cat<\/a>.<\/p>\n","protected":false},"excerpt":{"rendered":"<p>S&#8217;inicia el\u00a0 per\u00edode per sol\u00b7licitar auxiliar de conversa per al curs 2022-23 per als centres p\u00fablics de Catalunya. La convocat\u00f2ria amb tota la informaci\u00f3 necess\u00e0ria per presentar la sol\u00b7licitud est\u00e0 publicada al Portal de centre i s&#8217;hi pot accedir des del seg\u00fcent <a href=\"https:\/\/espai.educacio.gencat.cat\/Centres\/Projectes-educatius\/Auxiliars-conversa\/Pagines\/default.aspx\" target=\"_blank\"&hellip;  <a href=\"https:\/\/projectes.xtec.cat\/internacional\/general\/oberta-la-convocatoria-per-demanar-auxiliar-de-conversa-per-al-curs-2022-23\/\" title=\"Read Oberta la convocat\u00f2ria per demanar Auxiliar de Conversa per al curs 2022-23\">Llegeix m\u00e9s\u00bb<\/a><\/p>\n","protected":false},"author":1,"featured_media":10967,"comment_status":"open","ping_status":"closed","sticky":false,"template":"","format":"standard","meta":{"_bbp_topic_count":0,"_bbp_reply_count":0,"_bbp_total_topic_count":0,"_bbp_total_reply_count":0,"_bbp_voice_count":0,"_bbp_anonymous_reply_count":0,"_bbp_topic_count_hidden":0,"_bbp_reply_count_hidden":0,"_bbp_forum_subforum_count":0,"footnotes":""},"categories":[1,303,29],"tags":[],"class_list":["post-10965","post","type-post","status-publish","format-standard","has-post-thumbnail","hentry","category-general","category-noticies-dauxiliars","category-portada"],"post_mailing_queue_ids":[],"_links":{"self":[{"href":"https:\/\/projectes.xtec.cat\/internacional\/wp-json\/wp\/v2\/posts\/10965","targetHints":{"allow":["GET"]}}],"collection":[{"href":"https:\/\/projectes.xtec.cat\/internacional\/wp-json\/wp\/v2\/posts"}],"about":[{"href":"https:\/\/projectes.xtec.cat\/internacional\/wp-json\/wp\/v2\/types\/post"}],"author":[{"embeddable":true,"href":"https:\/\/projectes.xtec.cat\/internacional\/wp-json\/wp\/v2\/users\/1"}],"replies":[{"embeddable":true,"href":"https:\/\/projectes.xtec.cat\/internacional\/wp-json\/wp\/v2\/comments?post=10965"}],"version-history":[{"count":3,"href":"https:\/\/projectes.xtec.cat\/internacional\/wp-json\/wp\/v2\/posts\/10965\/revisions"}],"predecessor-version":[{"id":10985,"href":"https:\/\/projectes.xtec.cat\/internacional\/wp-json\/wp\/v2\/posts\/10965\/revisions\/10985"}],"wp:featuredmedia":[{"embeddable":true,"href":"https:\/\/projectes.xtec.cat\/internacional\/wp-json\/wp\/v2\/media\/10967"}],"wp:attachment":[{"href":"https:\/\/projectes.xtec.cat\/internacional\/wp-json\/wp\/v2\/media?parent=10965"}],"wp:term":[{"taxonomy":"category","embeddable":true,"href":"https:\/\/projectes.xtec.cat\/internacional\/wp-json\/wp\/v2\/categories?post=10965"},{"taxonomy":"post_tag","embeddable":true,"href":"https:\/\/projectes.xtec.cat\/internacional\/wp-json\/wp\/v2\/tags?post=10965"}],"curies":[{"name":"wp","href":"https:\/\/api.w.org\/{rel}","templated":true}]}}