{"id":11117,"date":"2022-02-25T10:21:04","date_gmt":"2022-02-25T09:21:04","guid":{"rendered":"https:\/\/projectes.xtec.cat\/internacional\/?p=11117"},"modified":"2022-02-25T10:21:52","modified_gmt":"2022-02-25T09:21:52","slug":"estudiar-als-estats-units-salo-de-lensenyament","status":"publish","type":"post","link":"https:\/\/projectes.xtec.cat\/internacional\/portada\/estudiar-als-estats-units-salo-de-lensenyament\/","title":{"rendered":"Estudiar als Estats Units- Sal\u00f3 de l&#8217;Ensenyament"},"content":{"rendered":"<p><img loading=\"lazy\" decoding=\"async\" class=\"alignnone wp-image-11118\" src=\"https:\/\/projectes.xtec.cat\/internacional\/wp-content\/uploads\/usu1767\/2022\/02\/birretes-800x533-750x500-1.png\" alt=\"\" width=\"422\" height=\"281\" srcset=\"https:\/\/projectes.xtec.cat\/internacional\/wp-content\/uploads\/usu1767\/2022\/02\/birretes-800x533-750x500-1.png 750w, https:\/\/projectes.xtec.cat\/internacional\/wp-content\/uploads\/usu1767\/2022\/02\/birretes-800x533-750x500-1-300x200.png 300w\" sizes=\"auto, (max-width: 422px) 100vw, 422px\" \/><\/p>\n<p>El consolat general dels EUA a Barcelona convida a quatre centres educatius a visitar el seu estand del Sal\u00f3 de l&#8217;Ensenyament on, juntament amb EducationUSA, oferiran per primer cop informaci\u00f3 oficial i de primera m\u00e0 sobre tota l\u2019oferta educativa superior dels Estats Units.<\/p>\n<p>Les assessores acad\u00e8miques d&#8217;<a href=\"https:\/\/fulbright.es\/estudios-en-eeuu\/\">EducationUSA<\/a>\u00a0realitzaran breus xerrades informatives sobre el sistema universitari estatunidenc i el proc\u00e9s d\u2019admissi\u00f3 per estudiar un grau als EUA. EducationUSA \u00e9s el servei d\u2019assessoria acad\u00e8mica oficial i gratu\u00efta del govern dels Estats Units, i forma part d\u2019una xarxa mundial amb m\u00e9s de 430 centres arreu del m\u00f3n.<\/p>\n<p>Aquestes sessions informatives estaran adre\u00e7ades principalment a alumnes de 4rt d\u2019ESO i de 1r de batxillerat. Els centres interessats podeu enviar un missatge de correu electr\u00f2nic a\u00a0<strong><a href=\"mailto:pdbarcelona@state.gov\">pdbarcelona@state.gov<\/a><\/strong>\u00a0indicant:<\/p>\n<ul>\n<li>Nom del vostre centre educatiu<\/li>\n<li>Nom i adre\u00e7a de correu electr\u00f2nic del docent que acompanyar\u00e0 el grup<\/li>\n<li>Nivell educatiu del grup<\/li>\n<li>Franja hor\u00e0ria en la que desitgeu realitzar l\u2019activitat<\/li>\n<\/ul>\n<p>Les peticions s&#8217;acceptaran per estricte ordre d&#8217;arribada.\u00a0El consolat oferir\u00e0 invitacions per entrar al Sal\u00f3 de l\u2019Ensenyament als grups que hi \u00a0participin.<\/p>\n","protected":false},"excerpt":{"rendered":"<p>El consolat general dels EUA a Barcelona convida a quatre centres educatius a visitar el seu estand del Sal\u00f3 de l&#8217;Ensenyament on, juntament amb EducationUSA, oferiran per primer cop informaci\u00f3 oficial i de primera m\u00e0 sobre tota l\u2019oferta educativa superior dels Estats Units.<br \/>\nLes assessores acad\u00e8miques&hellip;  <a href=\"https:\/\/projectes.xtec.cat\/internacional\/portada\/estudiar-als-estats-units-salo-de-lensenyament\/\" title=\"Read Estudiar als Estats Units- Sal\u00f3 de l&#8217;Ensenyament\">Llegeix m\u00e9s\u00bb<\/a><\/p>\n","protected":false},"author":1,"featured_media":11118,"comment_status":"open","ping_status":"closed","sticky":false,"template":"","format":"standard","meta":{"_bbp_topic_count":0,"_bbp_reply_count":0,"_bbp_total_topic_count":0,"_bbp_total_reply_count":0,"_bbp_voice_count":0,"_bbp_anonymous_reply_count":0,"_bbp_topic_count_hidden":0,"_bbp_reply_count_hidden":0,"_bbp_forum_subforum_count":0,"footnotes":""},"categories":[306,29],"tags":[],"class_list":["post-11117","post","type-post","status-publish","format-standard","has-post-thumbnail","hentry","category-connect-us","category-portada"],"post_mailing_queue_ids":[],"_links":{"self":[{"href":"https:\/\/projectes.xtec.cat\/internacional\/wp-json\/wp\/v2\/posts\/11117","targetHints":{"allow":["GET"]}}],"collection":[{"href":"https:\/\/projectes.xtec.cat\/internacional\/wp-json\/wp\/v2\/posts"}],"about":[{"href":"https:\/\/projectes.xtec.cat\/internacional\/wp-json\/wp\/v2\/types\/post"}],"author":[{"embeddable":true,"href":"https:\/\/projectes.xtec.cat\/internacional\/wp-json\/wp\/v2\/users\/1"}],"replies":[{"embeddable":true,"href":"https:\/\/projectes.xtec.cat\/internacional\/wp-json\/wp\/v2\/comments?post=11117"}],"version-history":[{"count":1,"href":"https:\/\/projectes.xtec.cat\/internacional\/wp-json\/wp\/v2\/posts\/11117\/revisions"}],"predecessor-version":[{"id":11119,"href":"https:\/\/projectes.xtec.cat\/internacional\/wp-json\/wp\/v2\/posts\/11117\/revisions\/11119"}],"wp:featuredmedia":[{"embeddable":true,"href":"https:\/\/projectes.xtec.cat\/internacional\/wp-json\/wp\/v2\/media\/11118"}],"wp:attachment":[{"href":"https:\/\/projectes.xtec.cat\/internacional\/wp-json\/wp\/v2\/media?parent=11117"}],"wp:term":[{"taxonomy":"category","embeddable":true,"href":"https:\/\/projectes.xtec.cat\/internacional\/wp-json\/wp\/v2\/categories?post=11117"},{"taxonomy":"post_tag","embeddable":true,"href":"https:\/\/projectes.xtec.cat\/internacional\/wp-json\/wp\/v2\/tags?post=11117"}],"curies":[{"name":"wp","href":"https:\/\/api.w.org\/{rel}","templated":true}]}}