{"id":11157,"date":"2022-03-07T11:45:29","date_gmt":"2022-03-07T10:45:29","guid":{"rendered":"https:\/\/projectes.xtec.cat\/internacional\/?p=11157"},"modified":"2022-03-07T12:25:08","modified_gmt":"2022-03-07T11:25:08","slug":"jornada-de-la-francophonie-a-manresa","status":"publish","type":"post","link":"https:\/\/projectes.xtec.cat\/internacional\/portada\/jornada-de-la-francophonie-a-manresa\/","title":{"rendered":"Jornada de la Francophonie a Manresa"},"content":{"rendered":"<p>&nbsp;<\/p>\n<p style=\"text-align: left;\"><a href=\"https:\/\/projectes.xtec.cat\/internacional\/wp-content\/uploads\/usu1767\/2022\/03\/foto-francophonie.jpg\"><img loading=\"lazy\" decoding=\"async\" class=\"alignnone wp-image-11166\" src=\"https:\/\/projectes.xtec.cat\/internacional\/wp-content\/uploads\/usu1767\/2022\/03\/foto-francophonie-745x1024.jpg\" alt=\"\" width=\"455\" height=\"625\" srcset=\"https:\/\/projectes.xtec.cat\/internacional\/wp-content\/uploads\/usu1767\/2022\/03\/foto-francophonie-745x1024.jpg 745w, https:\/\/projectes.xtec.cat\/internacional\/wp-content\/uploads\/usu1767\/2022\/03\/foto-francophonie-218x300.jpg 218w, https:\/\/projectes.xtec.cat\/internacional\/wp-content\/uploads\/usu1767\/2022\/03\/foto-francophonie-768x1056.jpg 768w, https:\/\/projectes.xtec.cat\/internacional\/wp-content\/uploads\/usu1767\/2022\/03\/foto-francophonie.jpg 1080w\" sizes=\"auto, (max-width: 455px) 100vw, 455px\" \/><\/a><\/p>\n<p style=\"text-align: left;\">Els propers 17 i 18 de mar\u00e7 2022 l\u2019APFC ( Associaci\u00f3 de Professors de Franc\u00e8s de Catalunya) organitza unes jornades entorn a la Francofonia 2022 a Manresa. La celebraci\u00f3 consisteix en dedicar plenament aquests dies a la cultura francesa, ja sigui mitjan\u00e7ant la m\u00fasica, el teatre, el cinema o d\u2019altres expressions culturals, art\u00edstiques o socials.<br \/>\nAqu\u00ed teniu les dues activitats.<br \/>\nEsperem la vostra participaci\u00f3 !<\/p>\n<p style=\"text-align: left;\">DIJOUS &#8211; 17 de mar\u00e7 de 2022 &#8211; Grande Dict\u00e9e de la Francophonie<br \/>\nHorari: 17.30h<br \/>\nLloc: Espai Plana de l&#8217;Om (Manresa)<br \/>\nActivitat: Dictat l\u00fadic amb autocorrecci\u00f3 seguit de la projecci\u00f3 en versi\u00f3 original francesa de la pel\u00b7l\u00edcula Felicit\u00e0 realitzada per Bruno Merle<br \/>\nP\u00fablic: Activitat oberta a tothom que tingui ganes de passar una bona estona.<\/p>\n<p style=\"text-align: left;\">DIVENDRES &#8211; 18 de mar\u00e7 de 2022- Cinema del Qu\u00e9bec: La d\u00e9esse des mouches \u00e0 feu<br \/>\nHorari: 19.30h<br \/>\nLloc: Espai Plana de l&#8217;Om (Manresa)<br \/>\nActivitat: Projecci\u00f3 en versi\u00f3 original quebequesa de la pel\u00b7l\u00edcula La d\u00e9esse des mouches \u00e0 feu<\/p>\n<p style=\"text-align: left;\">Per a m\u00e9s informaci\u00f3 us podeu adre\u00e7ar:<br \/>\nAnna Rotllan i Angelina Carreras<br \/>\nCo-presidentes de l&#8217;APFC<br \/>\nAssociaci\u00f3 de Professors de Franc\u00e8s de Catalunya<br \/>\nhttps:\/\/apfcat.wixsite.com\/apfc<\/p>\n<p>&nbsp;<\/p>\n<p>&nbsp;<\/p>\n","protected":false},"excerpt":{"rendered":"<p>&nbsp;<br \/>\n<a href=\"https:\/\/projectes.xtec.cat\/internacional\/wp-content\/uploads\/usu1767\/2022\/03\/foto-francophonie.jpg\"><\/a><br \/>\nEls propers 17 i 18 de mar\u00e7 2022 l\u2019APFC ( Associaci\u00f3 de Professors de Franc\u00e8s de Catalunya) organitza unes jornades entorn a la Francofonia 2022 a Manresa. La celebraci\u00f3 consisteix en dedicar plenament aquests dies a la cultura francesa, ja sigui mitjan\u00e7ant la m\u00fasica,&hellip;  <a href=\"https:\/\/projectes.xtec.cat\/internacional\/portada\/jornada-de-la-francophonie-a-manresa\/\" title=\"Read Jornada de la Francophonie a Manresa\">Llegeix m\u00e9s\u00bb<\/a><\/p>\n","protected":false},"author":1,"featured_media":11166,"comment_status":"open","ping_status":"closed","sticky":false,"template":"","format":"standard","meta":{"_bbp_topic_count":0,"_bbp_reply_count":0,"_bbp_total_topic_count":0,"_bbp_total_reply_count":0,"_bbp_voice_count":0,"_bbp_anonymous_reply_count":0,"_bbp_topic_count_hidden":0,"_bbp_reply_count_hidden":0,"_bbp_forum_subforum_count":0,"footnotes":""},"categories":[381,379,29],"tags":[291],"class_list":["post-11157","post","type-post","status-publish","format-standard","has-post-thumbnail","hentry","category-associacio-de-professorat-de-frances-de-catalunya","category-noticies-de-frances","category-portada","tag-portada"],"post_mailing_queue_ids":[],"_links":{"self":[{"href":"https:\/\/projectes.xtec.cat\/internacional\/wp-json\/wp\/v2\/posts\/11157","targetHints":{"allow":["GET"]}}],"collection":[{"href":"https:\/\/projectes.xtec.cat\/internacional\/wp-json\/wp\/v2\/posts"}],"about":[{"href":"https:\/\/projectes.xtec.cat\/internacional\/wp-json\/wp\/v2\/types\/post"}],"author":[{"embeddable":true,"href":"https:\/\/projectes.xtec.cat\/internacional\/wp-json\/wp\/v2\/users\/1"}],"replies":[{"embeddable":true,"href":"https:\/\/projectes.xtec.cat\/internacional\/wp-json\/wp\/v2\/comments?post=11157"}],"version-history":[{"count":3,"href":"https:\/\/projectes.xtec.cat\/internacional\/wp-json\/wp\/v2\/posts\/11157\/revisions"}],"predecessor-version":[{"id":11176,"href":"https:\/\/projectes.xtec.cat\/internacional\/wp-json\/wp\/v2\/posts\/11157\/revisions\/11176"}],"wp:featuredmedia":[{"embeddable":true,"href":"https:\/\/projectes.xtec.cat\/internacional\/wp-json\/wp\/v2\/media\/11166"}],"wp:attachment":[{"href":"https:\/\/projectes.xtec.cat\/internacional\/wp-json\/wp\/v2\/media?parent=11157"}],"wp:term":[{"taxonomy":"category","embeddable":true,"href":"https:\/\/projectes.xtec.cat\/internacional\/wp-json\/wp\/v2\/categories?post=11157"},{"taxonomy":"post_tag","embeddable":true,"href":"https:\/\/projectes.xtec.cat\/internacional\/wp-json\/wp\/v2\/tags?post=11157"}],"curies":[{"name":"wp","href":"https:\/\/api.w.org\/{rel}","templated":true}]}}