{"id":11336,"date":"2022-04-20T13:50:10","date_gmt":"2022-04-20T11:50:10","guid":{"rendered":"https:\/\/projectes.xtec.cat\/internacional\/?p=11336"},"modified":"2022-04-20T13:54:47","modified_gmt":"2022-04-20T11:54:47","slug":"convocatoria-extraordinaria-dauxiliars-de-conversa-de-llengua-ucrainesa","status":"publish","type":"post","link":"https:\/\/projectes.xtec.cat\/internacional\/general\/convocatoria-extraordinaria-dauxiliars-de-conversa-de-llengua-ucrainesa\/","title":{"rendered":"Convocat\u00f2ria extraordin\u00e0ria d&#8217;auxiliars de conversa de llengua ucra\u00efnesa"},"content":{"rendered":"<p><img loading=\"lazy\" decoding=\"async\" class=\"alignnone size-full wp-image-11330\" src=\"https:\/\/projectes.xtec.cat\/internacional\/wp-content\/uploads\/usu1767\/2022\/04\/ucranian-flag-png.png\" alt=\"\" width=\"275\" height=\"183\" \/><\/p>\n<p>Degut a la crisi humanit\u00e0ria creada per la invasi\u00f3 russa al territori ucra\u00efn\u00e8s i per tal d&#8217;acollir els refugiats en edat escolar que estan arribant al nostre territori, s&#8217;ha establert un programa de col\u00b7laboraci\u00f3 d&#8217;auxiliars de llengua ucra\u00efnesa per als centres educatius.<\/p>\n<p>Els candidats han de complir, entre d&#8217;altres, els seg\u00fcents requisits: ser residents a Espanya, tenir un nivell acreditat com a m\u00ednim de C1 de la llengua ucra\u00efnesa i tenir un t\u00edtol universitari o ser estudiant de segon curs com a m\u00ednim d&#8217;un grau universitari.<\/p>\n<p>Les sol\u00b7licituds es poden presentar fins el 26 d&#8217;abril i trobareu m\u00e9s informaci\u00f3 al seg\u00fcent <a href=\"https:\/\/www.educacionyfp.gob.es\/servicios-al-ciudadano\/catalogo\/general\/99\/998188\/ficha\/998188-2022-ucrania.html#dg3\" target=\"_blank\" rel=\"noopener\">enlla\u00e7<\/a><\/p>\n<p>&nbsp;<\/p>\n<p>&nbsp;<\/p>\n<p>&nbsp;<\/p>\n","protected":false},"excerpt":{"rendered":"<p>Degut a la crisi humanit\u00e0ria creada per la invasi\u00f3 russa al territori ucra\u00efn\u00e8s i per tal d&#8217;acollir els refugiats en edat escolar que estan arribant al nostre territori, s&#8217;ha establert un programa de col\u00b7laboraci\u00f3 d&#8217;auxiliars de llengua ucra\u00efnesa per als centres educatius.<br \/>\nEls candidats han de&hellip;  <a href=\"https:\/\/projectes.xtec.cat\/internacional\/general\/convocatoria-extraordinaria-dauxiliars-de-conversa-de-llengua-ucrainesa\/\" title=\"Read Convocat\u00f2ria extraordin\u00e0ria d&#8217;auxiliars de conversa de llengua ucra\u00efnesa\">Llegeix m\u00e9s\u00bb<\/a><\/p>\n","protected":false},"author":1,"featured_media":11330,"comment_status":"open","ping_status":"closed","sticky":false,"template":"","format":"standard","meta":{"_bbp_topic_count":0,"_bbp_reply_count":0,"_bbp_total_topic_count":0,"_bbp_total_reply_count":0,"_bbp_voice_count":0,"_bbp_anonymous_reply_count":0,"_bbp_topic_count_hidden":0,"_bbp_reply_count_hidden":0,"_bbp_forum_subforum_count":0,"footnotes":""},"categories":[1,29],"tags":[],"class_list":["post-11336","post","type-post","status-publish","format-standard","has-post-thumbnail","hentry","category-general","category-portada"],"post_mailing_queue_ids":[],"_links":{"self":[{"href":"https:\/\/projectes.xtec.cat\/internacional\/wp-json\/wp\/v2\/posts\/11336","targetHints":{"allow":["GET"]}}],"collection":[{"href":"https:\/\/projectes.xtec.cat\/internacional\/wp-json\/wp\/v2\/posts"}],"about":[{"href":"https:\/\/projectes.xtec.cat\/internacional\/wp-json\/wp\/v2\/types\/post"}],"author":[{"embeddable":true,"href":"https:\/\/projectes.xtec.cat\/internacional\/wp-json\/wp\/v2\/users\/1"}],"replies":[{"embeddable":true,"href":"https:\/\/projectes.xtec.cat\/internacional\/wp-json\/wp\/v2\/comments?post=11336"}],"version-history":[{"count":1,"href":"https:\/\/projectes.xtec.cat\/internacional\/wp-json\/wp\/v2\/posts\/11336\/revisions"}],"predecessor-version":[{"id":11337,"href":"https:\/\/projectes.xtec.cat\/internacional\/wp-json\/wp\/v2\/posts\/11336\/revisions\/11337"}],"wp:featuredmedia":[{"embeddable":true,"href":"https:\/\/projectes.xtec.cat\/internacional\/wp-json\/wp\/v2\/media\/11330"}],"wp:attachment":[{"href":"https:\/\/projectes.xtec.cat\/internacional\/wp-json\/wp\/v2\/media?parent=11336"}],"wp:term":[{"taxonomy":"category","embeddable":true,"href":"https:\/\/projectes.xtec.cat\/internacional\/wp-json\/wp\/v2\/categories?post=11336"},{"taxonomy":"post_tag","embeddable":true,"href":"https:\/\/projectes.xtec.cat\/internacional\/wp-json\/wp\/v2\/tags?post=11336"}],"curies":[{"name":"wp","href":"https:\/\/api.w.org\/{rel}","templated":true}]}}