{"id":11349,"date":"2022-05-04T09:26:00","date_gmt":"2022-05-04T07:26:00","guid":{"rendered":"https:\/\/projectes.xtec.cat\/internacional\/?p=11349"},"modified":"2022-06-20T16:55:30","modified_gmt":"2022-06-20T14:55:30","slug":"com-ensenyar-i-avaluar-la-competencia-global-webinars-organitzats-per-global-cities","status":"publish","type":"post","link":"https:\/\/projectes.xtec.cat\/internacional\/portada\/com-ensenyar-i-avaluar-la-competencia-global-webinars-organitzats-per-global-cities\/","title":{"rendered":"Com ensenyar i avaluar la compet\u00e8ncia global &#8211; Webinars organitzats per Global Cities"},"content":{"rendered":"<p><a href=\"https:\/\/projectes.xtec.cat\/internacional\/wp-content\/uploads\/usu1767\/2022\/05\/Global_webinars.png\"><img loading=\"lazy\" decoding=\"async\" class=\"alignnone size-full wp-image-11350\" src=\"https:\/\/projectes.xtec.cat\/internacional\/wp-content\/uploads\/usu1767\/2022\/05\/Global_webinars.png\" alt=\"\" width=\"501\" height=\"283\" srcset=\"https:\/\/projectes.xtec.cat\/internacional\/wp-content\/uploads\/usu1767\/2022\/05\/Global_webinars.png 501w, https:\/\/projectes.xtec.cat\/internacional\/wp-content\/uploads\/usu1767\/2022\/05\/Global_webinars-300x169.png 300w\" sizes=\"auto, (max-width: 501px) 100vw, 501px\" \/><\/a><\/p>\n<p><a href=\"https:\/\/www.globalcities.org\/\">Global\u00a0<span class=\"hiddenSpellError\">Cities, Inc<\/span><\/a> torna a convidar el professorat catal\u00e0 a participar en Webinars sobre <strong>l\u2019ensenyament i avaluaci\u00f3 de la compet\u00e8ncia global<\/strong>. Aquestes confer\u00e8ncies es fan de manera virtual, <strong>els dies 12 de maig a les 17.00 h i 18 de maig a les 9.00 h<\/strong>\u00a0local de Nova York\u00a0<strong>(23:00 h i 15.00 h respectivament a Barcelona<\/strong>) i estan adre\u00e7ades al professorat dels centres educatius catalans que NO participa en el programa <a href=\"https:\/\/www.globalcities.org\/global-scholars\">Global\u00a0<span class=\"hiddenSpellError\">Scholars<\/span><\/a>.<\/p>\n<p><a href=\"https:\/\/www.globalcities.org\/\">Global\u00a0<span class=\"hiddenSpellError\">Cities, Inc<\/span><\/a> vol compartir amb nosaltres<span style=\"font-family: inherit; font-size: 1em;\">\u00a0les millors pr\u00e0ctiques desenvolupades a trav\u00e9s del programa <a href=\"https:\/\/www.globalcities.org\/global-scholars\">Global Scholars<\/a>, un programa basat en projectes on l&#8217;alumnat explora els impactes locals d&#8217;un problema global. Tamb\u00e9 es destacar\u00e0 els resultats de l&#8217;\u00faltim informe portat a terme amb Out of Eden Learn, del Project Zero de la Harvard Graduate School of Education: <a href=\"https:\/\/www.globalcities.org\/analysis\">&#8220;<span class=\"hiddenSpellError\">Successfully<\/span>\u00a0<span class=\"hiddenSpellError\">Educating<\/span>\u00a0<span class=\"hiddenSpellError\">Tomorrow\u2019s<\/span>\u00a0Global\u00a0<span class=\"hiddenSpellError\">Citizens<\/span>:\u00a0<span class=\"hiddenSpellError\">Teaching<\/span>\u00a0<span class=\"hiddenSpellError\">and<\/span>\u00a0<span class=\"hiddenSpellError\">Evaluating<\/span>\u00a0Global\u00a0<span class=\"hiddenSpellError\">Competence&#8221;<\/span><\/a>, que aporta proves emp\u00edriques que aquest enfocament genera per millorar la <\/span><span style=\"font-family: inherit; font-size: 1em;\">compet\u00e8ncia global.<\/span><\/p>\n<p><span style=\"font-family: inherit; font-size: 1em;\">Com sempre, es tracta d&#8217;una confer\u00e8ncia molt estimulant i us animem que hi participeu si el tema \u00e9s del vostre inter\u00e8s.<\/span><\/p>\n<p>Les inscripcions cal fer clicant directament a la sessi\u00f3 que us vagi millor <a href=\"https:\/\/www.globalcities.org\/webinars\">a la p\u00e0gina de Global Cities.\u00a0<\/a><\/p>\n<p>&nbsp;<\/p>\n","protected":false},"excerpt":{"rendered":"<p><a href=\"https:\/\/projectes.xtec.cat\/internacional\/wp-content\/uploads\/usu1767\/2022\/05\/Global_webinars.png\"><\/a><br \/>\n<a href=\"https:\/\/www.globalcities.org\/\">Global\u00a0Cities, Inc<\/a> torna a convidar el professorat catal\u00e0 a participar en Webinars sobre l\u2019ensenyament i avaluaci\u00f3 de la compet\u00e8ncia global. Aquestes confer\u00e8ncies es fan de manera virtual, els dies 12 de maig a les 17.00 h i 18 de maig a les 9.00&hellip;  <a href=\"https:\/\/projectes.xtec.cat\/internacional\/portada\/com-ensenyar-i-avaluar-la-competencia-global-webinars-organitzats-per-global-cities\/\" title=\"Read Com ensenyar i avaluar la compet\u00e8ncia global &#8211; Webinars organitzats per Global Cities\">Llegeix m\u00e9s\u00bb<\/a><\/p>\n","protected":false},"author":1,"featured_media":11350,"comment_status":"open","ping_status":"closed","sticky":false,"template":"","format":"standard","meta":{"_bbp_topic_count":0,"_bbp_reply_count":0,"_bbp_total_topic_count":0,"_bbp_total_reply_count":0,"_bbp_voice_count":0,"_bbp_anonymous_reply_count":0,"_bbp_topic_count_hidden":0,"_bbp_reply_count_hidden":0,"_bbp_forum_subforum_count":0,"footnotes":""},"categories":[376,29],"tags":[373,383],"class_list":["post-11349","post","type-post","status-publish","format-standard","has-post-thumbnail","hentry","category-competencia-global","category-portada","tag-competencia-global","tag-global-scholars"],"post_mailing_queue_ids":[],"_links":{"self":[{"href":"https:\/\/projectes.xtec.cat\/internacional\/wp-json\/wp\/v2\/posts\/11349","targetHints":{"allow":["GET"]}}],"collection":[{"href":"https:\/\/projectes.xtec.cat\/internacional\/wp-json\/wp\/v2\/posts"}],"about":[{"href":"https:\/\/projectes.xtec.cat\/internacional\/wp-json\/wp\/v2\/types\/post"}],"author":[{"embeddable":true,"href":"https:\/\/projectes.xtec.cat\/internacional\/wp-json\/wp\/v2\/users\/1"}],"replies":[{"embeddable":true,"href":"https:\/\/projectes.xtec.cat\/internacional\/wp-json\/wp\/v2\/comments?post=11349"}],"version-history":[{"count":2,"href":"https:\/\/projectes.xtec.cat\/internacional\/wp-json\/wp\/v2\/posts\/11349\/revisions"}],"predecessor-version":[{"id":11352,"href":"https:\/\/projectes.xtec.cat\/internacional\/wp-json\/wp\/v2\/posts\/11349\/revisions\/11352"}],"wp:featuredmedia":[{"embeddable":true,"href":"https:\/\/projectes.xtec.cat\/internacional\/wp-json\/wp\/v2\/media\/11350"}],"wp:attachment":[{"href":"https:\/\/projectes.xtec.cat\/internacional\/wp-json\/wp\/v2\/media?parent=11349"}],"wp:term":[{"taxonomy":"category","embeddable":true,"href":"https:\/\/projectes.xtec.cat\/internacional\/wp-json\/wp\/v2\/categories?post=11349"},{"taxonomy":"post_tag","embeddable":true,"href":"https:\/\/projectes.xtec.cat\/internacional\/wp-json\/wp\/v2\/tags?post=11349"}],"curies":[{"name":"wp","href":"https:\/\/api.w.org\/{rel}","templated":true}]}}