{"id":11467,"date":"2022-09-12T08:49:33","date_gmt":"2022-09-12T06:49:33","guid":{"rendered":"https:\/\/projectes.xtec.cat\/internacional\/?p=11467"},"modified":"2022-09-12T09:00:18","modified_gmt":"2022-09-12T07:00:18","slug":"jornada-de-formacio-ka1-educacio-persones-adultes","status":"publish","type":"post","link":"https:\/\/projectes.xtec.cat\/internacional\/portada\/jornada-de-formacio-ka1-educacio-persones-adultes\/","title":{"rendered":"Jornada de formaci\u00f3 KA1 Educaci\u00f3 persones adultes"},"content":{"rendered":"<p><a href=\"https:\/\/projectes.xtec.cat\/internacional\/wp-content\/uploads\/usu1767\/2022\/09\/adults.jpg\"><img loading=\"lazy\" decoding=\"async\" class=\"wp-image-11469 alignnone\" src=\"https:\/\/projectes.xtec.cat\/internacional\/wp-content\/uploads\/usu1767\/2022\/09\/adults.jpg\" alt=\"\" width=\"366\" height=\"258\" srcset=\"https:\/\/projectes.xtec.cat\/internacional\/wp-content\/uploads\/usu1767\/2022\/09\/adults.jpg 900w, https:\/\/projectes.xtec.cat\/internacional\/wp-content\/uploads\/usu1767\/2022\/09\/adults-300x212.jpg 300w, https:\/\/projectes.xtec.cat\/internacional\/wp-content\/uploads\/usu1767\/2022\/09\/adults-768x542.jpg 768w\" sizes=\"auto, (max-width: 366px) 100vw, 366px\" \/><\/a><\/p>\n<p>Encara no tens l&#8217;acreditaci\u00f3 Erasmus d&#8217;Educaci\u00f3 de persones adultes i t&#8217;agradaria oferir oportunitats de mobilitat al teu alumnat? Aquesta informaci\u00f3 t&#8217;interessa.<\/p>\n<p>\ud83d\udce2 Trobar\u00e0s oberta la convocat\u00f2ria per sol\u00b7licitar l&#8217;acreditaci\u00f3 fins el <strong>19 d&#8217;octubre de 2022 a les 12h<\/strong> (hora de Brussel\u00b7les).<\/p>\n<p>\ud83d\udce2A m\u00e9s, teniu una convocat\u00f2ria extraordin\u00e0ria oberta de Projectes de mobilitat de curta duraci\u00f3 (KA122) que, com a novetat, donen la possibilitat a l&#8217;alumnat de participar-hi. El termini d&#8217;aquesta convocat\u00f2ria \u00e9s el dimarts <strong>5 d&#8217;octubre a les 12h<\/strong> (hora de Brussel\u00b7les).<\/p>\n<p>Per tenir m\u00e9s informaci\u00f3, hi ha programada una sessi\u00f3 de formaci\u00f3 virtual el dimecres <strong>14 de setembre de 11:30h a 14h<\/strong>. <a href=\"https:\/\/projectes.xtec.cat\/internacional\/wp-content\/uploads\/usu1767\/2022\/09\/programa.pdf\">Aqu\u00ed<\/a> pots consultar el programa i <a href=\"https:\/\/rediris.zoom.us\/j\/81920127164#success\">aquest<\/a> \u00e9s l&#8217;enlla\u00e7 a la reuni\u00f3.<\/p>\n<p>&nbsp;<\/p>\n<p>&nbsp;<\/p>\n<p>&nbsp;<\/p>\n","protected":false},"excerpt":{"rendered":"<p><a href=\"https:\/\/projectes.xtec.cat\/internacional\/wp-content\/uploads\/usu1767\/2022\/09\/adults.jpg\"><\/a><br \/>\nEncara no tens l&#8217;acreditaci\u00f3 Erasmus d&#8217;Educaci\u00f3 de persones adultes i t&#8217;agradaria oferir oportunitats de mobilitat al teu alumnat? Aquesta informaci\u00f3 t&#8217;interessa.<br \/>\n\ud83d\udce2 Trobar\u00e0s oberta la convocat\u00f2ria per sol\u00b7licitar l&#8217;acreditaci\u00f3 fins el 19 d&#8217;octubre de 2022 a les 12h (hora de Brussel\u00b7les).<br \/>\n\ud83d\udce2A m\u00e9s, teniu una convocat\u00f2ria&hellip;  <a href=\"https:\/\/projectes.xtec.cat\/internacional\/portada\/jornada-de-formacio-ka1-educacio-persones-adultes\/\" title=\"Read Jornada de formaci\u00f3 KA1 Educaci\u00f3 persones adultes\">Llegeix m\u00e9s\u00bb<\/a><\/p>\n","protected":false},"author":1,"featured_media":11469,"comment_status":"open","ping_status":"closed","sticky":false,"template":"","format":"standard","meta":{"_bbp_topic_count":0,"_bbp_reply_count":0,"_bbp_total_topic_count":0,"_bbp_total_reply_count":0,"_bbp_voice_count":0,"_bbp_anonymous_reply_count":0,"_bbp_topic_count_hidden":0,"_bbp_reply_count_hidden":0,"_bbp_forum_subforum_count":0,"footnotes":""},"categories":[311,312,29],"tags":[],"class_list":["post-11467","post","type-post","status-publish","format-standard","has-post-thumbnail","hentry","category-erasmus","category-ka1","category-portada"],"post_mailing_queue_ids":[],"_links":{"self":[{"href":"https:\/\/projectes.xtec.cat\/internacional\/wp-json\/wp\/v2\/posts\/11467","targetHints":{"allow":["GET"]}}],"collection":[{"href":"https:\/\/projectes.xtec.cat\/internacional\/wp-json\/wp\/v2\/posts"}],"about":[{"href":"https:\/\/projectes.xtec.cat\/internacional\/wp-json\/wp\/v2\/types\/post"}],"author":[{"embeddable":true,"href":"https:\/\/projectes.xtec.cat\/internacional\/wp-json\/wp\/v2\/users\/1"}],"replies":[{"embeddable":true,"href":"https:\/\/projectes.xtec.cat\/internacional\/wp-json\/wp\/v2\/comments?post=11467"}],"version-history":[{"count":3,"href":"https:\/\/projectes.xtec.cat\/internacional\/wp-json\/wp\/v2\/posts\/11467\/revisions"}],"predecessor-version":[{"id":11478,"href":"https:\/\/projectes.xtec.cat\/internacional\/wp-json\/wp\/v2\/posts\/11467\/revisions\/11478"}],"wp:featuredmedia":[{"embeddable":true,"href":"https:\/\/projectes.xtec.cat\/internacional\/wp-json\/wp\/v2\/media\/11469"}],"wp:attachment":[{"href":"https:\/\/projectes.xtec.cat\/internacional\/wp-json\/wp\/v2\/media?parent=11467"}],"wp:term":[{"taxonomy":"category","embeddable":true,"href":"https:\/\/projectes.xtec.cat\/internacional\/wp-json\/wp\/v2\/categories?post=11467"},{"taxonomy":"post_tag","embeddable":true,"href":"https:\/\/projectes.xtec.cat\/internacional\/wp-json\/wp\/v2\/tags?post=11467"}],"curies":[{"name":"wp","href":"https:\/\/api.w.org\/{rel}","templated":true}]}}