{"id":11524,"date":"2022-09-20T12:16:05","date_gmt":"2022-09-20T10:16:05","guid":{"rendered":"https:\/\/projectes.xtec.cat\/internacional\/?p=11524"},"modified":"2022-09-23T10:22:57","modified_gmt":"2022-09-23T08:22:57","slug":"13-14-i-15-doctubre-celebra-lerasmus-days-amb-aquestes-propostes","status":"publish","type":"post","link":"https:\/\/projectes.xtec.cat\/internacional\/general\/13-14-i-15-doctubre-celebra-lerasmus-days-amb-aquestes-propostes\/","title":{"rendered":"13, 14 i 15 d&#8217;octubre celebra l&#8217;Erasmus Days amb aquestes propostes!"},"content":{"rendered":"<p><a href=\"https:\/\/projectes.xtec.cat\/internacional\/wp-content\/uploads\/usu1767\/2022\/09\/erasmusdays-2022-EN.jpg\"><img loading=\"lazy\" decoding=\"async\" class=\"wp-image-11525 aligncenter\" src=\"https:\/\/projectes.xtec.cat\/internacional\/wp-content\/uploads\/usu1767\/2022\/09\/erasmusdays-2022-EN.jpg\" alt=\"\" width=\"352\" height=\"352\" srcset=\"https:\/\/projectes.xtec.cat\/internacional\/wp-content\/uploads\/usu1767\/2022\/09\/erasmusdays-2022-EN.jpg 771w, https:\/\/projectes.xtec.cat\/internacional\/wp-content\/uploads\/usu1767\/2022\/09\/erasmusdays-2022-EN-300x300.jpg 300w, https:\/\/projectes.xtec.cat\/internacional\/wp-content\/uploads\/usu1767\/2022\/09\/erasmusdays-2022-EN-150x150.jpg 150w, https:\/\/projectes.xtec.cat\/internacional\/wp-content\/uploads\/usu1767\/2022\/09\/erasmusdays-2022-EN-768x768.jpg 768w\" sizes=\"auto, (max-width: 352px) 100vw, 352px\" \/><\/a><\/p>\n<p>Els dies 13, 14 i 15 d&#8217;octubre se celebrar\u00e0 l&#8217;Erasmus Days amb l&#8217;objectiu de promoure els beneficis fruit de la participaci\u00f3 en un programa Erasmus.<\/p>\n<p><iframe loading=\"lazy\" src=\"\/\/www.youtube.com\/embed\/Fy5KKaTw-4c\" width=\"560\" height=\"314\" allowfullscreen=\"allowfullscreen\"><\/iframe><\/p>\n<p>En el seg\u00fcent enlla\u00e7 trobareu tot un seguit de propostes que podeu desenvolupar en el vostre centre, aix\u00ed com els esdeveniments que se celebren arreu d&#8217;Europa durant aquests dies:<\/p>\n<p><a href=\"https:\/\/www.erasmusdays.eu\/\" target=\"_blank\" rel=\"noopener\">ENLLA\u00c7 WEB ERASMUS DAYS<\/a><\/p>\n<p><span style=\"font-weight: 400;\">I, si no en teniu prou, us proposem un llistat amb propostes d\u2019esdeveniments #Erasmusdays:<\/span><\/p>\n<ul>\n<li style=\"font-weight: 400;\" aria-level=\"1\"><span style=\"font-weight: 400;\">Convidar a ex-alumnes que expliquin experi\u00e8ncies als alumnes actuals.<\/span><\/li>\n<li style=\"font-weight: 400;\" aria-level=\"1\"><span style=\"font-weight: 400;\">Videotrucada amb algun centre participant en l\u2019Erasmus, es pot afegir alguna performance amb l\u2019ajut d\u2019un m\u00f2bil, p.ex. un mannequin challenge amb motius del projecte, una coreografia\/can\u00e7\u00f3 relacionada amb la tem\u00e0tica del projecte.<\/span><\/li>\n<li style=\"font-weight: 400;\" aria-level=\"1\"><span style=\"font-weight: 400;\">Videotrucada amb algun expert.\u00a0<\/span><\/li>\n<li style=\"font-weight: 400;\" aria-level=\"1\"><span style=\"font-weight: 400;\">Gimcana al centre relacionada amb la tem\u00e0tica del projecte.<\/span><\/li>\n<li style=\"font-weight: 400;\" aria-level=\"1\"><span style=\"font-weight: 400;\">Organitzar una jornada \u201cErasmus+\u201d de portes obertes al centre (exhibint la traject\u00f2ria del centre i els diferents projectes a diferents \u201cracons\u201d del hall o a una sala\/aula espec\u00edfica).<\/span><\/li>\n<li style=\"font-weight: 400;\" aria-level=\"1\"><span style=\"font-weight: 400;\">Organitzar un joc o concurs a les diferents classes o grups del centre sobre tem\u00e0tica Erasmus+ ( per exemple amb el format de \u201cWho wants to be a millionaire\u201d podria ser \u201cWho wants to be a Erasmus+<\/span><\/li>\n<li style=\"font-weight: 400;\" aria-level=\"1\"><span style=\"font-weight: 400;\">Personalitzar una lletra d\u2019una can\u00e7\u00f3 amb contingut del vostre projecte, cantar-la i enregistrar-la per enviar-la als socis.<\/span><\/li>\n<li style=\"font-weight: 400;\" aria-level=\"1\"><span style=\"font-weight: 400;\">Sortir al carrer, p.ex. a la pla\u00e7a del poble, amb roll ups, p\u00f2sters, objectes, banderes, tot mostrant els projectes internacionals.<\/span><\/li>\n<li style=\"font-weight: 400;\" aria-level=\"1\"><span style=\"font-weight: 400;\">Anar a mitjans de comunicaci\u00f3 (tele, r\u00e0dio) locals o comarcals per explicar les vostres experi\u00e8ncies.<\/span><\/li>\n<li style=\"font-weight: 400;\" aria-level=\"1\"><span style=\"font-weight: 400;\">Crear un esdeveniment conjunt amb l\u2019alumnat de dues o varies escoles: \u201cMystery skype\u201d i compartir els seus resultats a les webs escolars, a l\u2019Etwinning \u2026\u00a0<\/span><\/li>\n<li style=\"font-weight: 400;\" aria-level=\"1\"><span style=\"font-weight: 400;\">Fer gravaci\u00f3 d\u2019alumnes explicant els beneficis de participar en un Erasmus com a centre.<\/span><\/li>\n<li style=\"font-weight: 400;\" aria-level=\"1\"><span style=\"font-weight: 400;\">Si algun centre t\u00e9 molta relaci\u00f3 amb fam\u00edlies, sobretot les que han estat acollidores, demanar que expliquin experi\u00e8ncia familiar.<\/span><\/li>\n<li style=\"font-weight: 400;\" aria-level=\"1\"><span style=\"font-weight: 400;\">Crear un padlet amb fotografies d\u2019escoles\/instituts que mostren amb pancartes\/altres que s\u00f3n centre Erasmus a Catalunya.<\/span><\/li>\n<\/ul>\n","protected":false},"excerpt":{"rendered":"<p><a href=\"https:\/\/projectes.xtec.cat\/internacional\/wp-content\/uploads\/usu1767\/2022\/09\/erasmusdays-2022-EN.jpg\"><\/a><br \/>\nEls dies 13, 14 i 15 d&#8217;octubre se celebrar\u00e0 l&#8217;Erasmus Days amb l&#8217;objectiu de promoure els beneficis fruit de la participaci\u00f3 en un programa Erasmus.<\/p>\n<p>En el seg\u00fcent enlla\u00e7 trobareu tot un seguit de propostes que podeu desenvolupar en el vostre centre, aix\u00ed com els&hellip;  <a href=\"https:\/\/projectes.xtec.cat\/internacional\/general\/13-14-i-15-doctubre-celebra-lerasmus-days-amb-aquestes-propostes\/\" title=\"Read 13, 14 i 15 d&#8217;octubre celebra l&#8217;Erasmus Days amb aquestes propostes!\">Llegeix m\u00e9s\u00bb<\/a><\/p>\n","protected":false},"author":1,"featured_media":11525,"comment_status":"open","ping_status":"closed","sticky":false,"template":"","format":"standard","meta":{"_bbp_topic_count":0,"_bbp_reply_count":0,"_bbp_total_topic_count":0,"_bbp_total_reply_count":0,"_bbp_voice_count":0,"_bbp_anonymous_reply_count":0,"_bbp_topic_count_hidden":0,"_bbp_reply_count_hidden":0,"_bbp_forum_subforum_count":0,"footnotes":""},"categories":[311,1,29],"tags":[],"class_list":["post-11524","post","type-post","status-publish","format-standard","has-post-thumbnail","hentry","category-erasmus","category-general","category-portada"],"post_mailing_queue_ids":[],"_links":{"self":[{"href":"https:\/\/projectes.xtec.cat\/internacional\/wp-json\/wp\/v2\/posts\/11524","targetHints":{"allow":["GET"]}}],"collection":[{"href":"https:\/\/projectes.xtec.cat\/internacional\/wp-json\/wp\/v2\/posts"}],"about":[{"href":"https:\/\/projectes.xtec.cat\/internacional\/wp-json\/wp\/v2\/types\/post"}],"author":[{"embeddable":true,"href":"https:\/\/projectes.xtec.cat\/internacional\/wp-json\/wp\/v2\/users\/1"}],"replies":[{"embeddable":true,"href":"https:\/\/projectes.xtec.cat\/internacional\/wp-json\/wp\/v2\/comments?post=11524"}],"version-history":[{"count":4,"href":"https:\/\/projectes.xtec.cat\/internacional\/wp-json\/wp\/v2\/posts\/11524\/revisions"}],"predecessor-version":[{"id":11537,"href":"https:\/\/projectes.xtec.cat\/internacional\/wp-json\/wp\/v2\/posts\/11524\/revisions\/11537"}],"wp:featuredmedia":[{"embeddable":true,"href":"https:\/\/projectes.xtec.cat\/internacional\/wp-json\/wp\/v2\/media\/11525"}],"wp:attachment":[{"href":"https:\/\/projectes.xtec.cat\/internacional\/wp-json\/wp\/v2\/media?parent=11524"}],"wp:term":[{"taxonomy":"category","embeddable":true,"href":"https:\/\/projectes.xtec.cat\/internacional\/wp-json\/wp\/v2\/categories?post=11524"},{"taxonomy":"post_tag","embeddable":true,"href":"https:\/\/projectes.xtec.cat\/internacional\/wp-json\/wp\/v2\/tags?post=11524"}],"curies":[{"name":"wp","href":"https:\/\/api.w.org\/{rel}","templated":true}]}}