{"id":11939,"date":"2022-12-14T13:41:56","date_gmt":"2022-12-14T12:41:56","guid":{"rendered":"https:\/\/projectes.xtec.cat\/internacional\/?p=11939"},"modified":"2022-12-14T13:45:17","modified_gmt":"2022-12-14T12:45:17","slug":"llistat-provisional-de-projectes-ka122-adu-convocatoria-2022","status":"publish","type":"post","link":"https:\/\/projectes.xtec.cat\/internacional\/portada\/llistat-provisional-de-projectes-ka122-adu-convocatoria-2022\/","title":{"rendered":"Llistat provisional de projectes KA122 (ADU). Convocat\u00f2ria 2022"},"content":{"rendered":"<p><a href=\"https:\/\/projectes.xtec.cat\/internacional\/wp-content\/uploads\/usu1767\/2022\/12\/adults-Ka122.png\"><img loading=\"lazy\" decoding=\"async\" class=\"wp-image-11940 aligncenter\" src=\"https:\/\/projectes.xtec.cat\/internacional\/wp-content\/uploads\/usu1767\/2022\/12\/adults-Ka122.png\" alt=\"\" width=\"678\" height=\"356\" srcset=\"https:\/\/projectes.xtec.cat\/internacional\/wp-content\/uploads\/usu1767\/2022\/12\/adults-Ka122.png 800w, https:\/\/projectes.xtec.cat\/internacional\/wp-content\/uploads\/usu1767\/2022\/12\/adults-Ka122-300x158.png 300w, https:\/\/projectes.xtec.cat\/internacional\/wp-content\/uploads\/usu1767\/2022\/12\/adults-Ka122-768x403.png 768w\" sizes=\"auto, (max-width: 678px) 100vw, 678px\" \/><\/a><\/p>\n<p style=\"text-align: left;\">Aqu\u00ed teniu <a href=\"https:\/\/projectes.xtec.cat\/internacional\/wp-content\/uploads\/usu1767\/2022\/12\/resolucion-KA122-ADU.pdf\">resoluci\u00f3<\/a>\u00a0que publica els <strong>llistats provisionals<\/strong> de <strong>sol\u00b7licituds admeses i excloses<\/strong> de <strong>l&#8217;Acci\u00f3 Clau 1<\/strong> &#8211; Mobilitat educativa de les persones en el sector d&#8217;Educaci\u00f3 de Persones Adultes, segona ronda (<strong>KA122<\/strong>) corresponents a la <strong>convocat\u00f2ria de 2022.<\/strong><\/p>\n<ul>\n<li style=\"list-style-type: none;\">\n<ul style=\"list-style-type: circle;\">\n<li><a href=\"https:\/\/projectes.xtec.cat\/internacional\/wp-content\/uploads\/usu1767\/2022\/12\/admeses-KA122-ADU.pdf\">Llistat provisional de sol\u00b7licituds admeses<\/a><\/li>\n<li><a href=\"https:\/\/projectes.xtec.cat\/internacional\/wp-content\/uploads\/usu1767\/2022\/12\/excloses-KA122-ADU.pdf\">Llistat provisional de sol\u00b7licituds excloses<\/a><\/li>\n<\/ul>\n<\/li>\n<\/ul>\n<p>&nbsp;<\/p>\n","protected":false},"excerpt":{"rendered":"<p><a href=\"https:\/\/projectes.xtec.cat\/internacional\/wp-content\/uploads\/usu1767\/2022\/12\/adults-Ka122.png\"><\/a><br \/>\nAqu\u00ed teniu <a href=\"https:\/\/projectes.xtec.cat\/internacional\/wp-content\/uploads\/usu1767\/2022\/12\/resolucion-KA122-ADU.pdf\">resoluci\u00f3<\/a>\u00a0que publica els llistats provisionals de sol\u00b7licituds admeses i excloses de l&#8217;Acci\u00f3 Clau 1 &#8211; Mobilitat educativa de les persones en el sector d&#8217;Educaci\u00f3 de Persones Adultes, segona ronda (KA122) corresponents a la convocat\u00f2ria de 2022.<\/p>\n<ul>\n<li style=\"list-style-type: none;\">\n<ul style=\"list-style-type: circle;\">\n<li><a href=\"https:\/\/projectes.xtec.cat\/internacional\/wp-content\/uploads\/usu1767\/2022\/12\/admeses-KA122-ADU.pdf\">Llistat&hellip;  <a href=\"https:\/\/projectes.xtec.cat\/internacional\/portada\/llistat-provisional-de-projectes-ka122-adu-convocatoria-2022\/\" title=\"Read Llistat provisional de projectes KA122 (ADU). Convocat\u00f2ria 2022\">Llegeix m\u00e9s\u00bb<\/a><br \/>\n","protected":false},"author":1,"featured_media":11940,"comment_status":"open","ping_status":"closed","sticky":false,"template":"","format":"standard","meta":{"_bbp_topic_count":0,"_bbp_reply_count":0,"_bbp_total_topic_count":0,"_bbp_total_reply_count":0,"_bbp_voice_count":0,"_bbp_anonymous_reply_count":0,"_bbp_topic_count_hidden":0,"_bbp_reply_count_hidden":0,"_bbp_forum_subforum_count":0,"footnotes":""},"categories":[311,312,29,309],"tags":[],"class_list":["post-11939","post","type-post","status-publish","format-standard","has-post-thumbnail","hentry","category-erasmus","category-ka1","category-portada","category-programa-erasmus-2021-2027"],"post_mailing_queue_ids":[],"_links":{"self":[{"href":"https:\/\/projectes.xtec.cat\/internacional\/wp-json\/wp\/v2\/posts\/11939","targetHints":{"allow":["GET"]}}],"collection":[{"href":"https:\/\/projectes.xtec.cat\/internacional\/wp-json\/wp\/v2\/posts"}],"about":[{"href":"https:\/\/projectes.xtec.cat\/internacional\/wp-json\/wp\/v2\/types\/post"}],"author":[{"embeddable":true,"href":"https:\/\/projectes.xtec.cat\/internacional\/wp-json\/wp\/v2\/users\/1"}],"replies":[{"embeddable":true,"href":"https:\/\/projectes.xtec.cat\/internacional\/wp-json\/wp\/v2\/comments?post=11939"}],"version-history":[{"count":3,"href":"https:\/\/projectes.xtec.cat\/internacional\/wp-json\/wp\/v2\/posts\/11939\/revisions"}],"predecessor-version":[{"id":11948,"href":"https:\/\/projectes.xtec.cat\/internacional\/wp-json\/wp\/v2\/posts\/11939\/revisions\/11948"}],"wp:featuredmedia":[{"embeddable":true,"href":"https:\/\/projectes.xtec.cat\/internacional\/wp-json\/wp\/v2\/media\/11940"}],"wp:attachment":[{"href":"https:\/\/projectes.xtec.cat\/internacional\/wp-json\/wp\/v2\/media?parent=11939"}],"wp:term":[{"taxonomy":"category","embeddable":true,"href":"https:\/\/projectes.xtec.cat\/internacional\/wp-json\/wp\/v2\/categories?post=11939"},{"taxonomy":"post_tag","embeddable":true,"href":"https:\/\/projectes.xtec.cat\/internacional\/wp-json\/wp\/v2\/tags?post=11939"}],"curies":[{"name":"wp","href":"https:\/\/api.w.org\/{rel}","templated":true}]}}