{"id":11974,"date":"2022-12-20T09:55:36","date_gmt":"2022-12-20T08:55:36","guid":{"rendered":"https:\/\/projectes.xtec.cat\/internacional\/?p=11974"},"modified":"2022-12-20T09:56:08","modified_gmt":"2022-12-20T08:56:08","slug":"llistat-provisional-de-sollicituds-admeses-i-excloses-daccio-ka1-ka120-sch-adu-i-vet-convocatoria-2022","status":"publish","type":"post","link":"https:\/\/projectes.xtec.cat\/internacional\/portada\/llistat-provisional-de-sollicituds-admeses-i-excloses-daccio-ka1-ka120-sch-adu-i-vet-convocatoria-2022\/","title":{"rendered":"Llistat provisional de sol\u00b7licituds admeses i excloses d&#8217;Acci\u00f3 KA1 KA120 (SCH; ADU i VET). Convocat\u00f2ria 2022"},"content":{"rendered":"<p>&nbsp;<\/p>\n<p><a href=\"https:\/\/projectes.xtec.cat\/internacional\/wp-content\/uploads\/usu1767\/2022\/12\/acreditacion_erasmus-copia.jpg\"><img loading=\"lazy\" decoding=\"async\" class=\"size-full wp-image-11978 aligncenter\" src=\"https:\/\/projectes.xtec.cat\/internacional\/wp-content\/uploads\/usu1767\/2022\/12\/acreditacion_erasmus-copia.jpg\" alt=\"\" width=\"621\" height=\"258\" srcset=\"https:\/\/projectes.xtec.cat\/internacional\/wp-content\/uploads\/usu1767\/2022\/12\/acreditacion_erasmus-copia.jpg 621w, https:\/\/projectes.xtec.cat\/internacional\/wp-content\/uploads\/usu1767\/2022\/12\/acreditacion_erasmus-copia-300x125.jpg 300w\" sizes=\"auto, (max-width: 621px) 100vw, 621px\" \/><\/a><\/p>\n<p>Aqu\u00ed teniu\u00a0<a href=\"http:\/\/sepie.es\/doc\/convocatoria\/2022\/resoluciones\/diciembre_2022\/KA120\/resolucion.pdf\">resoluci\u00f3\u00a0<\/a>que publica els\u00a0<strong>llistats provisionals<\/strong>\u00a0de\u00a0<strong>sol\u00b7licituds admeses i excloses<\/strong>\u00a0de\u00a0<strong>l\u2019Acci\u00f3 Clau 1<\/strong> \u2013 Mobilitat educativa de les persones en el sector d\u2019Educaci\u00f3 Escolar, de Persones Adultes i Cicles Formatius <strong>KA120 (SCH, ADU, VET)<\/strong>\u00a0corresponents a la <strong>convocat\u00f2ria de 2022.<\/strong><\/p>\n<ul>\n<li><strong>Acci\u00f3 Clau 1 \u2013 Acreditaci\u00f3 Erasmus en l&#8217;\u00e0mbit de la Educaci\u00f3 Escolar (KA120-SCH)<\/strong>\n<ul>\n<li><a href=\"http:\/\/sepie.es\/doc\/convocatoria\/2022\/resoluciones\/diciembre_2022\/KA120\/report_provisional-2022-KA120-SCH-a.pdf\">Llistat provisional de sol\u00b7licituds admeses<\/a><\/li>\n<li><a href=\"http:\/\/sepie.es\/doc\/convocatoria\/2022\/resoluciones\/diciembre_2022\/KA120\/report_provisional-2022-KA120-SCH-e.pdf\">Llistat provisional de sol\u00b7licituds excloses<\/a><\/li>\n<\/ul>\n<\/li>\n<li><strong>Acci\u00f3 Clau 1 \u2013 Acreditaci\u00f3 Erasmus en l&#8217;\u00e0mbit de l&#8217;Educaci\u00f3 de Persones Adultes (KA120-ADU)<\/strong>\n<ul>\n<li><a href=\"http:\/\/sepie.es\/doc\/convocatoria\/2022\/resoluciones\/diciembre_2022\/KA120\/report_provisional-2022-KA120-ADU-a.pdf\">Llistat provisional de sol\u00b7licituds admeses<\/a><\/li>\n<li><a href=\"http:\/\/sepie.es\/doc\/convocatoria\/2022\/resoluciones\/diciembre_2022\/KA120\/report_provisional-2022-KA120-ADU-e.pdf\">Llistat provisional de sol\u00b7licituds excloses<\/a><\/li>\n<\/ul>\n<\/li>\n<li><b>Acci\u00f3 Clau 1 \u2013 Acreditaci\u00f3 Erasmus en l&#8217;\u00e0mbit de Formaci\u00f3 Professional (KA120-VET)<\/b>\n<ul>\n<li><a href=\"http:\/\/sepie.es\/doc\/convocatoria\/2022\/resoluciones\/diciembre_2022\/KA120\/report_provisional-2022-KA120-VET-a.pdf\">Llistat provisional de sol\u00b7licituds admeses<\/a><\/li>\n<li><a href=\"http:\/\/sepie.es\/doc\/convocatoria\/2022\/resoluciones\/diciembre_2022\/KA120\/report_provisional-2022-KA120-VET-e.pdf\">Llistat provisional de sol\u00b7licituds excloses<\/a><\/li>\n<\/ul>\n<\/li>\n<\/ul>\n","protected":false},"excerpt":{"rendered":"<p>&nbsp;<br \/>\n<a href=\"https:\/\/projectes.xtec.cat\/internacional\/wp-content\/uploads\/usu1767\/2022\/12\/acreditacion_erasmus-copia.jpg\"><\/a><br \/>\nAqu\u00ed teniu\u00a0<a href=\"http:\/\/sepie.es\/doc\/convocatoria\/2022\/resoluciones\/diciembre_2022\/KA120\/resolucion.pdf\">resoluci\u00f3\u00a0<\/a>que publica els\u00a0llistats provisionals\u00a0de\u00a0sol\u00b7licituds admeses i excloses\u00a0de\u00a0l\u2019Acci\u00f3 Clau 1 \u2013 Mobilitat educativa de les persones en el sector d\u2019Educaci\u00f3 Escolar, de Persones Adultes i Cicles Formatius KA120 (SCH, ADU, VET)\u00a0corresponents a la convocat\u00f2ria de 2022.<\/p>\n<ul>\n<li>Acci\u00f3 Clau 1 \u2013 Acreditaci\u00f3 Erasmus en l&#8217;\u00e0mbit&hellip;  <a href=\"https:\/\/projectes.xtec.cat\/internacional\/portada\/llistat-provisional-de-sollicituds-admeses-i-excloses-daccio-ka1-ka120-sch-adu-i-vet-convocatoria-2022\/\" title=\"Read Llistat provisional de sol\u00b7licituds admeses i excloses d&#8217;Acci\u00f3 KA1 KA120 (SCH; ADU i VET). Convocat\u00f2ria 2022\">Llegeix m\u00e9s\u00bb<\/a><br \/>\n","protected":false},"author":1,"featured_media":11978,"comment_status":"open","ping_status":"closed","sticky":false,"template":"","format":"standard","meta":{"_bbp_topic_count":0,"_bbp_reply_count":0,"_bbp_total_topic_count":0,"_bbp_total_reply_count":0,"_bbp_voice_count":0,"_bbp_anonymous_reply_count":0,"_bbp_topic_count_hidden":0,"_bbp_reply_count_hidden":0,"_bbp_forum_subforum_count":0,"footnotes":""},"categories":[311,29],"tags":[],"class_list":["post-11974","post","type-post","status-publish","format-standard","has-post-thumbnail","hentry","category-erasmus","category-portada"],"post_mailing_queue_ids":[],"_links":{"self":[{"href":"https:\/\/projectes.xtec.cat\/internacional\/wp-json\/wp\/v2\/posts\/11974","targetHints":{"allow":["GET"]}}],"collection":[{"href":"https:\/\/projectes.xtec.cat\/internacional\/wp-json\/wp\/v2\/posts"}],"about":[{"href":"https:\/\/projectes.xtec.cat\/internacional\/wp-json\/wp\/v2\/types\/post"}],"author":[{"embeddable":true,"href":"https:\/\/projectes.xtec.cat\/internacional\/wp-json\/wp\/v2\/users\/1"}],"replies":[{"embeddable":true,"href":"https:\/\/projectes.xtec.cat\/internacional\/wp-json\/wp\/v2\/comments?post=11974"}],"version-history":[{"count":3,"href":"https:\/\/projectes.xtec.cat\/internacional\/wp-json\/wp\/v2\/posts\/11974\/revisions"}],"predecessor-version":[{"id":11979,"href":"https:\/\/projectes.xtec.cat\/internacional\/wp-json\/wp\/v2\/posts\/11974\/revisions\/11979"}],"wp:featuredmedia":[{"embeddable":true,"href":"https:\/\/projectes.xtec.cat\/internacional\/wp-json\/wp\/v2\/media\/11978"}],"wp:attachment":[{"href":"https:\/\/projectes.xtec.cat\/internacional\/wp-json\/wp\/v2\/media?parent=11974"}],"wp:term":[{"taxonomy":"category","embeddable":true,"href":"https:\/\/projectes.xtec.cat\/internacional\/wp-json\/wp\/v2\/categories?post=11974"},{"taxonomy":"post_tag","embeddable":true,"href":"https:\/\/projectes.xtec.cat\/internacional\/wp-json\/wp\/v2\/tags?post=11974"}],"curies":[{"name":"wp","href":"https:\/\/api.w.org\/{rel}","templated":true}]}}