{"id":12021,"date":"2023-01-18T08:35:45","date_gmt":"2023-01-18T07:35:45","guid":{"rendered":"https:\/\/projectes.xtec.cat\/internacional\/?p=12021"},"modified":"2023-02-03T10:05:26","modified_gmt":"2023-02-03T09:05:26","slug":"americana-film-fest-2023-festival-de-cinema-independent-nord-america","status":"publish","type":"post","link":"https:\/\/projectes.xtec.cat\/internacional\/general\/americana-film-fest-2023-festival-de-cinema-independent-nord-america\/","title":{"rendered":"Americana Film Fest 2023 &#8211; (Festival de cinema independent Nord-Americ\u00e0)"},"content":{"rendered":"<p>&nbsp;<\/p>\n<p><a href=\"https:\/\/projectes.xtec.cat\/internacional\/wp-content\/uploads\/usu1767\/2023\/01\/americana_foto.jpg\"><img loading=\"lazy\" decoding=\"async\" class=\"alignright size-large wp-image-12022\" src=\"https:\/\/projectes.xtec.cat\/internacional\/wp-content\/uploads\/usu1767\/2023\/01\/americana_foto-1024x575.jpg\" alt=\"\" width=\"1024\" height=\"575\" srcset=\"https:\/\/projectes.xtec.cat\/internacional\/wp-content\/uploads\/usu1767\/2023\/01\/americana_foto-1024x575.jpg 1024w, https:\/\/projectes.xtec.cat\/internacional\/wp-content\/uploads\/usu1767\/2023\/01\/americana_foto-300x169.jpg 300w, https:\/\/projectes.xtec.cat\/internacional\/wp-content\/uploads\/usu1767\/2023\/01\/americana_foto-768x432.jpg 768w, https:\/\/projectes.xtec.cat\/internacional\/wp-content\/uploads\/usu1767\/2023\/01\/americana_foto.jpg 1500w\" sizes=\"auto, (max-width: 1024px) 100vw, 1024px\" \/><\/a><\/p>\n<h1><span style=\"font-weight: 400;\">Inscripci\u00f3 a la projecci\u00f3 de pel\u00b7l\u00edcules d\u2019Americana Film Fest 2023 i Fundaci\u00f3 Gr\u00edfols<\/span><\/h1>\n<p><span style=\"font-weight: 400;\">Ja arriba la nova edici\u00f3 de l\u2019<\/span><b>Americana Film Fest 2023 <\/b><span style=\"font-weight: 400;\">(Festival de cinema independent Nord-Americ\u00e0).<\/span><\/p>\n<h2><span style=\"font-weight: 400;\">Descripci\u00f3 de l\u2019activitat<\/span><\/h2>\n<p><span style=\"font-weight: 400;\">Els centres educatius que hi participin triaran <\/span><b>una pel\u00b7l\u00edcula<\/b><span style=\"font-weight: 400;\"> de tem\u00e0tica social entre les cinc que es proposen. Un especialista introduir\u00e0 cada sessi\u00f3 i es far\u00e0 un debat posterior. Es proporcionar\u00e0 material addicional per continuar treballant a l\u2019aula.<\/span><\/p>\n<p><span style=\"font-weight: 400;\">En aquest <\/span><a href=\"https:\/\/drive.google.com\/file\/d\/1EL7diW-L85bf56qnKFqJ3nURL6w1Wm2d\/view?usp=share_link\" target=\"_blank\" rel=\"noopener\"><span style=\"font-weight: 400;\">enlla\u00e7 <\/span><\/a><span style=\"font-weight: 400;\">trobareu informaci\u00f3 de les pel\u00b7l\u00edcules que es projectaran, la tem\u00e0tica que tracten i la llengua que utilitzen (en VOSC).<\/span><\/p>\n<p><span style=\"font-weight: 400;\">Aquesta activitat gratu\u00efta va adre\u00e7ada a l&#8217;alumnat de <\/span><b>4t d\u2019ESO i Batxillerat<\/b><span style=\"font-weight: 400;\">.\u00a0<\/span><\/p>\n<h2><span style=\"font-weight: 400;\">Modalitats de participaci\u00f3<\/span><\/h2>\n<p><span style=\"font-weight: 400;\">Hi ha dues modalitats de participaci\u00f3 per facilitar l\u2019acc\u00e9s a l\u2019activitat als centres que hi estiguin interessats:<\/span><\/p>\n<h3><span style=\"font-weight: 400;\">1- Sessions presencials:\u00a0<\/span><\/h3>\n<p><b>Cinemes Girona de Barcelona<\/b> <b>del 21 de febrer al 9 de mar\u00e7.<\/b><b><br \/>\n<\/b><span style=\"font-weight: 400;\">Dirigida als<\/span><b> centres de Barcelona i la seva rodalia.<\/b><b><br \/>\n<\/b><b>Inscripci\u00f3 <\/b><span style=\"font-weight: 400;\">en aquest <\/span><a href=\"https:\/\/docs.google.com\/forms\/d\/e\/1FAIpQLSccWd-6ggE-hqqMEZSFPaWW5GZ4m9EULq0OMMzDW-zBlTPfRg\/viewform?usp=share_link\" target=\"_blank\" rel=\"noopener\"><span style=\"font-weight: 400;\">formulari<\/span><\/a> <span style=\"font-weight: 400;\">fins al 17 de febrer<\/span><span style=\"font-weight: 400;\">.<\/span><span style=\"font-weight: 400;\"><br \/>\n<\/span><span style=\"font-weight: 400;\">Tindran prefer\u00e8ncia els centres p\u00fablics, seguint l\u2019ordre d\u2019arribada fins a esgotar les places disponibles.<\/span><\/p>\n<h3><span style=\"font-weight: 400;\">2- Sessions online:\u00a0<\/span><\/h3>\n<p><span style=\"font-weight: 400;\">Dirigida als centres que no poden accedir f\u00e0cilment als cinemes on es fan les sessions presencials. En aquest cas es dona la possibilitat de triar entre <\/span><a href=\"https:\/\/drive.google.com\/file\/d\/1SLVFfe-TswyECV2mnxTwv6BBHKyiaq9X\/view?usp=share_link\" target=\"_blank\" rel=\"noopener\"><span style=\"font-weight: 400;\">tres pel\u00b7l\u00edcules<\/span><\/a><span style=\"font-weight: 400;\"> que es podran <\/span><b>visualitzar a l\u2019institut <\/b><span style=\"font-weight: 400;\">entre l&#8217;<\/span><b>1 i el 31 de mar\u00e7<\/b><span style=\"font-weight: 400;\">.<\/span><\/p>\n<p><span style=\"font-weight: 400;\">\u00a0Inscripci\u00f3 en aquest <\/span><a href=\"https:\/\/docs.google.com\/forms\/d\/e\/1FAIpQLSe8PEheNqhS6PtTMUEogPbpvsUpuwzEVb00mFQxik8OQzUI2Q\/viewform?usp=share_link\" target=\"_blank\" rel=\"noopener\"><span style=\"font-weight: 400;\">formulari <\/span><\/a><span style=\"font-weight: 400;\">\u00a0<\/span><span style=\"font-weight: 400;\">fins al 24 de febrer<\/span><span style=\"font-weight: 400;\">.\u00a0<\/span><\/p>\n<p>&nbsp;<\/p>\n","protected":false},"excerpt":{"rendered":"<p>&nbsp;<br \/>\n<a href=\"https:\/\/projectes.xtec.cat\/internacional\/wp-content\/uploads\/usu1767\/2023\/01\/americana_foto.jpg\"><\/a><br \/>\nInscripci\u00f3 a la projecci\u00f3 de pel\u00b7l\u00edcules d\u2019Americana Film Fest 2023 i Fundaci\u00f3 Gr\u00edfols<br \/>\nJa arriba la nova edici\u00f3 de l\u2019Americana Film Fest 2023 (Festival de cinema independent Nord-Americ\u00e0).<br \/>\nDescripci\u00f3 de l\u2019activitat<br \/>\nEls centres educatius que hi participin triaran una pel\u00b7l\u00edcula de tem\u00e0tica social entre les cinc que&hellip;  <a href=\"https:\/\/projectes.xtec.cat\/internacional\/general\/americana-film-fest-2023-festival-de-cinema-independent-nord-america\/\" title=\"Read Americana Film Fest 2023 &#8211; (Festival de cinema independent Nord-Americ\u00e0)\">Llegeix m\u00e9s\u00bb<\/a><\/p>\n","protected":false},"author":1,"featured_media":12024,"comment_status":"closed","ping_status":"closed","sticky":false,"template":"","format":"standard","meta":{"_bbp_topic_count":0,"_bbp_reply_count":0,"_bbp_total_topic_count":0,"_bbp_total_reply_count":0,"_bbp_voice_count":0,"_bbp_anonymous_reply_count":0,"_bbp_topic_count_hidden":0,"_bbp_reply_count_hidden":0,"_bbp_forum_subforum_count":0,"footnotes":""},"categories":[308,1,29],"tags":[287,403],"class_list":["post-12021","post","type-post","status-publish","format-standard","has-post-thumbnail","hentry","category-accions-dentorn","category-general","category-portada","tag-accions-dentorn","tag-cinema"],"post_mailing_queue_ids":[],"_links":{"self":[{"href":"https:\/\/projectes.xtec.cat\/internacional\/wp-json\/wp\/v2\/posts\/12021","targetHints":{"allow":["GET"]}}],"collection":[{"href":"https:\/\/projectes.xtec.cat\/internacional\/wp-json\/wp\/v2\/posts"}],"about":[{"href":"https:\/\/projectes.xtec.cat\/internacional\/wp-json\/wp\/v2\/types\/post"}],"author":[{"embeddable":true,"href":"https:\/\/projectes.xtec.cat\/internacional\/wp-json\/wp\/v2\/users\/1"}],"replies":[{"embeddable":true,"href":"https:\/\/projectes.xtec.cat\/internacional\/wp-json\/wp\/v2\/comments?post=12021"}],"version-history":[{"count":3,"href":"https:\/\/projectes.xtec.cat\/internacional\/wp-json\/wp\/v2\/posts\/12021\/revisions"}],"predecessor-version":[{"id":12080,"href":"https:\/\/projectes.xtec.cat\/internacional\/wp-json\/wp\/v2\/posts\/12021\/revisions\/12080"}],"wp:featuredmedia":[{"embeddable":true,"href":"https:\/\/projectes.xtec.cat\/internacional\/wp-json\/wp\/v2\/media\/12024"}],"wp:attachment":[{"href":"https:\/\/projectes.xtec.cat\/internacional\/wp-json\/wp\/v2\/media?parent=12021"}],"wp:term":[{"taxonomy":"category","embeddable":true,"href":"https:\/\/projectes.xtec.cat\/internacional\/wp-json\/wp\/v2\/categories?post=12021"},{"taxonomy":"post_tag","embeddable":true,"href":"https:\/\/projectes.xtec.cat\/internacional\/wp-json\/wp\/v2\/tags?post=12021"}],"curies":[{"name":"wp","href":"https:\/\/api.w.org\/{rel}","templated":true}]}}