{"id":12072,"date":"2023-01-30T10:26:24","date_gmt":"2023-01-30T09:26:24","guid":{"rendered":"https:\/\/projectes.xtec.cat\/internacional\/?p=12072"},"modified":"2023-02-08T16:33:27","modified_gmt":"2023-02-08T15:33:27","slug":"festival-internacional-de-cinema-dautor-de-barcelona-da-2023","status":"publish","type":"post","link":"https:\/\/projectes.xtec.cat\/internacional\/general\/festival-internacional-de-cinema-dautor-de-barcelona-da-2023\/","title":{"rendered":"Festival Internacional de Cinema d&#8217;Autor de Barcelona &#8211; D&#8217;A &#8211; 2023"},"content":{"rendered":"<h1><a href=\"https:\/\/projectes.xtec.cat\/internacional\/wp-content\/uploads\/usu1767\/2023\/01\/CallforEntries_news-2.jpg\"><img loading=\"lazy\" decoding=\"async\" class=\"size-full wp-image-12073 alignnone\" src=\"https:\/\/projectes.xtec.cat\/internacional\/wp-content\/uploads\/usu1767\/2023\/01\/CallforEntries_news-2.jpg\" alt=\"\" width=\"621\" height=\"145\" srcset=\"https:\/\/projectes.xtec.cat\/internacional\/wp-content\/uploads\/usu1767\/2023\/01\/CallforEntries_news-2.jpg 621w, https:\/\/projectes.xtec.cat\/internacional\/wp-content\/uploads\/usu1767\/2023\/01\/CallforEntries_news-2-300x70.jpg 300w\" sizes=\"auto, (max-width: 621px) 100vw, 621px\" \/><\/a><\/h1>\n<p><b>Inscripci\u00f3 a la projecci\u00f3 de pel\u00b7l\u00edcules D\u2019A 2023<\/b><\/p>\n<p><span style=\"font-weight: 400;\">El<\/span> <a href=\"https:\/\/dafilmfestival.com\/\" target=\"_blank\" rel=\"noopener\"><b>D\u2019A Film Festival Barcelona<\/b><\/a><span style=\"font-weight: 400;\"> presenta un panorama internacional del millor cinema d\u2019autor contemporani, combinant el descobriment de nous talents amb cinematografies consagrades.<\/span><\/p>\n<p><b>Descripci\u00f3 de l\u2019activitat<\/b><\/p>\n<p><span style=\"font-weight: 400;\">Els centres educatius que hi participin triaran <\/span><b>una pel\u00b7l\u00edcula<\/b><span style=\"font-weight: 400;\"> entre les quatre que es proposen. Un especialista introduir\u00e0 cada sessi\u00f3 i es far\u00e0 un debat posterior. Es proporcionar\u00e0 material addicional per continuar treballant a l\u2019aula.<\/span><\/p>\n<p><span style=\"font-weight: 400;\">En aquest <\/span><a href=\"https:\/\/drive.google.com\/file\/d\/10ZL0mdjim2nYwM2hvKEDXDjKHvv_Fbsb\/view?usp=share_link\" target=\"_blank\" rel=\"noopener\"><span style=\"font-weight: 400;\">enlla\u00e7 <\/span><\/a><span style=\"font-weight: 400;\">trobareu informaci\u00f3 de les pel\u00b7l\u00edcules que es projectaran, la tem\u00e0tica que tracten i la llengua que utilitzen.<\/span><\/p>\n<p><span style=\"font-weight: 400;\">Aquesta activitat gratu\u00efta va adre\u00e7ada a l\u2019alumnat de <\/span><b>4t d\u2019ESO i Batxillerat<\/b><span style=\"font-weight: 400;\">.\u00a0<\/span><\/p>\n<p><b>Sessions presencials:<br \/>\n<\/b><b>Teatre del CCCB de Barcelona<\/b> <b>del 27 al 31 de mar\u00e7.<br \/>\n<\/b><span style=\"font-weight: 400;\">Dirigida als<\/span><b> centres de Barcelona i la seva rodalia.<\/b><\/p>\n<p><span style=\"font-weight: 400;\">Tindran prefer\u00e8ncia els centres p\u00fablics, seguint l\u2019ordre d\u2019arribada fins a esgotar les places disponibles.<\/span><\/p>\n<p><span style=\"font-weight: 400;\">\u00a0Inscripci\u00f3 en aquest <\/span><a href=\"https:\/\/forms.gle\/oCUPpDWRTg9Bkx7G6\" target=\"_blank\" rel=\"noopener\"><span style=\"font-weight: 400;\">formulari <\/span><\/a><span style=\"font-weight: 400;\">\u00a0fins al 15 de mar\u00e7.\u00a0<\/span><\/p>\n","protected":false},"excerpt":{"rendered":"<p><a href=\"https:\/\/projectes.xtec.cat\/internacional\/wp-content\/uploads\/usu1767\/2023\/01\/CallforEntries_news-2.jpg\"><\/a><br \/>\nInscripci\u00f3 a la projecci\u00f3 de pel\u00b7l\u00edcules D\u2019A 2023<br \/>\nEl <a href=\"https:\/\/dafilmfestival.com\/\" target=\"_blank\" rel=\"noopener\">D\u2019A Film Festival Barcelona<\/a> presenta un panorama internacional del millor cinema d\u2019autor contemporani, combinant el descobriment de nous talents amb cinematografies consagrades.<br \/>\nDescripci\u00f3 de l\u2019activitat<br \/>\nEls centres educatius que hi participin triaran una pel\u00b7l\u00edcula entre&hellip;  <a href=\"https:\/\/projectes.xtec.cat\/internacional\/general\/festival-internacional-de-cinema-dautor-de-barcelona-da-2023\/\" title=\"Read Festival Internacional de Cinema d&#8217;Autor de Barcelona &#8211; D&#8217;A &#8211; 2023\">Llegeix m\u00e9s\u00bb<\/a><\/p>\n","protected":false},"author":1,"featured_media":12073,"comment_status":"open","ping_status":"closed","sticky":false,"template":"","format":"standard","meta":{"_bbp_topic_count":0,"_bbp_reply_count":0,"_bbp_total_topic_count":0,"_bbp_total_reply_count":0,"_bbp_voice_count":0,"_bbp_anonymous_reply_count":0,"_bbp_topic_count_hidden":0,"_bbp_reply_count_hidden":0,"_bbp_forum_subforum_count":0,"footnotes":""},"categories":[308,1,29],"tags":[287,403],"class_list":["post-12072","post","type-post","status-publish","format-standard","has-post-thumbnail","hentry","category-accions-dentorn","category-general","category-portada","tag-accions-dentorn","tag-cinema"],"post_mailing_queue_ids":[],"_links":{"self":[{"href":"https:\/\/projectes.xtec.cat\/internacional\/wp-json\/wp\/v2\/posts\/12072","targetHints":{"allow":["GET"]}}],"collection":[{"href":"https:\/\/projectes.xtec.cat\/internacional\/wp-json\/wp\/v2\/posts"}],"about":[{"href":"https:\/\/projectes.xtec.cat\/internacional\/wp-json\/wp\/v2\/types\/post"}],"author":[{"embeddable":true,"href":"https:\/\/projectes.xtec.cat\/internacional\/wp-json\/wp\/v2\/users\/1"}],"replies":[{"embeddable":true,"href":"https:\/\/projectes.xtec.cat\/internacional\/wp-json\/wp\/v2\/comments?post=12072"}],"version-history":[{"count":4,"href":"https:\/\/projectes.xtec.cat\/internacional\/wp-json\/wp\/v2\/posts\/12072\/revisions"}],"predecessor-version":[{"id":12093,"href":"https:\/\/projectes.xtec.cat\/internacional\/wp-json\/wp\/v2\/posts\/12072\/revisions\/12093"}],"wp:featuredmedia":[{"embeddable":true,"href":"https:\/\/projectes.xtec.cat\/internacional\/wp-json\/wp\/v2\/media\/12073"}],"wp:attachment":[{"href":"https:\/\/projectes.xtec.cat\/internacional\/wp-json\/wp\/v2\/media?parent=12072"}],"wp:term":[{"taxonomy":"category","embeddable":true,"href":"https:\/\/projectes.xtec.cat\/internacional\/wp-json\/wp\/v2\/categories?post=12072"},{"taxonomy":"post_tag","embeddable":true,"href":"https:\/\/projectes.xtec.cat\/internacional\/wp-json\/wp\/v2\/tags?post=12072"}],"curies":[{"name":"wp","href":"https:\/\/api.w.org\/{rel}","templated":true}]}}