{"id":12083,"date":"2023-02-07T23:03:05","date_gmt":"2023-02-07T22:03:05","guid":{"rendered":"https:\/\/projectes.xtec.cat\/internacional\/?p=12083"},"modified":"2023-02-08T19:56:25","modified_gmt":"2023-02-08T18:56:25","slug":"oberta-la-convocatoria-per-demanar-auxiliar-de-conversa-per-al-curs-2023-24","status":"publish","type":"post","link":"https:\/\/projectes.xtec.cat\/internacional\/general\/oberta-la-convocatoria-per-demanar-auxiliar-de-conversa-per-al-curs-2023-24\/","title":{"rendered":"Oberta la convocat\u00f2ria per sol\u00b7licitar Auxiliar de Conversa per al curs 2023-24"},"content":{"rendered":"<p><a href=\"https:\/\/projectes.xtec.cat\/internacional\/wp-content\/uploads\/usu1767\/2023\/02\/auxiliars_3-300x225-1.jpg\"><img loading=\"lazy\" decoding=\"async\" class=\" wp-image-12096 alignnone\" src=\"https:\/\/projectes.xtec.cat\/internacional\/wp-content\/uploads\/usu1767\/2023\/02\/auxiliars_3-300x225-1.jpg\" alt=\"\" width=\"381\" height=\"286\" srcset=\"https:\/\/projectes.xtec.cat\/internacional\/wp-content\/uploads\/usu1767\/2023\/02\/auxiliars_3-300x225-1.jpg 300w, https:\/\/projectes.xtec.cat\/internacional\/wp-content\/uploads\/usu1767\/2023\/02\/auxiliars_3-300x225-1-200x150.jpg 200w\" sizes=\"auto, (max-width: 381px) 100vw, 381px\" \/><\/a><\/p>\n<p>&nbsp;<\/p>\n<p>S\u2019inicia el per\u00edode per sol\u00b7licitar <strong>auxiliar de conversa<\/strong> per al <strong>curs 2023-24<\/strong> per als centres p\u00fablics de Catalunya. La convocat\u00f2ria amb tota la informaci\u00f3 necess\u00e0ria per presentar la sol\u00b7licitud est\u00e0 publicada al Portal de centre i s\u2019hi pot accedir des del seg\u00fcent <a href=\"https:\/\/espai.educacio.gencat.cat\/Centres\/Projectes-educatius\/Auxiliars-conversa\/Pagines\/default.aspx\" target=\"_blank\" rel=\"noopener\">enlla\u00e7<\/a>.<\/p>\n<p>El per\u00edode per presentar la sol\u00b7licitud acaba el dia <strong>21 de febrer<\/strong>. El llistat amb els centres seleccionats es publicar\u00e0 al Portal de centre.<\/p>\n<p>En aquesta mateixa web es recull informaci\u00f3 sobre el programa, els requisits que cal complir per accedir-hi i es poden consultar activitats que han fet els auxiliars. Es pot demanar qualsevol altra informaci\u00f3 sobre el programa al seg\u00fcent correu:\u00a0<a href=\"mailto:auxiliars.conversa@xtec.cat\">auxiliars.conversa@xtec.cat<\/a>.<\/p>\n","protected":false},"excerpt":{"rendered":"<p><a href=\"https:\/\/projectes.xtec.cat\/internacional\/wp-content\/uploads\/usu1767\/2023\/02\/auxiliars_3-300x225-1.jpg\"><\/a><br \/>\n&nbsp;<br \/>\nS\u2019inicia el per\u00edode per sol\u00b7licitar auxiliar de conversa per al curs 2023-24 per als centres p\u00fablics de Catalunya. La convocat\u00f2ria amb tota la informaci\u00f3 necess\u00e0ria per presentar la sol\u00b7licitud est\u00e0 publicada al Portal de centre i s\u2019hi pot accedir des del seg\u00fcent <a href=\"https:\/\/espai.educacio.gencat.cat\/Centres\/Projectes-educatius\/Auxiliars-conversa\/Pagines\/default.aspx\"&hellip;  <a href=\"https:\/\/projectes.xtec.cat\/internacional\/general\/oberta-la-convocatoria-per-demanar-auxiliar-de-conversa-per-al-curs-2023-24\/\" title=\"Read Oberta la convocat\u00f2ria per sol\u00b7licitar Auxiliar de Conversa per al curs 2023-24\">Llegeix m\u00e9s\u00bb<\/a><\/p>\n","protected":false},"author":1,"featured_media":12096,"comment_status":"closed","ping_status":"closed","sticky":false,"template":"","format":"standard","meta":{"_bbp_topic_count":0,"_bbp_reply_count":0,"_bbp_total_topic_count":0,"_bbp_total_reply_count":0,"_bbp_voice_count":0,"_bbp_anonymous_reply_count":0,"_bbp_topic_count_hidden":0,"_bbp_reply_count_hidden":0,"_bbp_forum_subforum_count":0,"footnotes":""},"categories":[289,1,303,29],"tags":[],"class_list":["post-12083","post","type-post","status-publish","format-standard","has-post-thumbnail","hentry","category-auxiliars-de-conversa","category-general","category-noticies-dauxiliars","category-portada"],"post_mailing_queue_ids":[],"_links":{"self":[{"href":"https:\/\/projectes.xtec.cat\/internacional\/wp-json\/wp\/v2\/posts\/12083","targetHints":{"allow":["GET"]}}],"collection":[{"href":"https:\/\/projectes.xtec.cat\/internacional\/wp-json\/wp\/v2\/posts"}],"about":[{"href":"https:\/\/projectes.xtec.cat\/internacional\/wp-json\/wp\/v2\/types\/post"}],"author":[{"embeddable":true,"href":"https:\/\/projectes.xtec.cat\/internacional\/wp-json\/wp\/v2\/users\/1"}],"replies":[{"embeddable":true,"href":"https:\/\/projectes.xtec.cat\/internacional\/wp-json\/wp\/v2\/comments?post=12083"}],"version-history":[{"count":4,"href":"https:\/\/projectes.xtec.cat\/internacional\/wp-json\/wp\/v2\/posts\/12083\/revisions"}],"predecessor-version":[{"id":12110,"href":"https:\/\/projectes.xtec.cat\/internacional\/wp-json\/wp\/v2\/posts\/12083\/revisions\/12110"}],"wp:featuredmedia":[{"embeddable":true,"href":"https:\/\/projectes.xtec.cat\/internacional\/wp-json\/wp\/v2\/media\/12096"}],"wp:attachment":[{"href":"https:\/\/projectes.xtec.cat\/internacional\/wp-json\/wp\/v2\/media?parent=12083"}],"wp:term":[{"taxonomy":"category","embeddable":true,"href":"https:\/\/projectes.xtec.cat\/internacional\/wp-json\/wp\/v2\/categories?post=12083"},{"taxonomy":"post_tag","embeddable":true,"href":"https:\/\/projectes.xtec.cat\/internacional\/wp-json\/wp\/v2\/tags?post=12083"}],"curies":[{"name":"wp","href":"https:\/\/api.w.org\/{rel}","templated":true}]}}